{"id":842,"date":"2020-04-10T14:11:58","date_gmt":"2020-04-10T14:11:58","guid":{"rendered":"http:\/\/www.magnetika.es\/blog\/?p=842"},"modified":"2021-09-20T14:45:44","modified_gmt":"2021-09-20T14:45:44","slug":"fites-del-xxi-festival-de-poesia-de-la-mediterrania","status":"publish","type":"post","link":"https:\/\/www.magnetika.es\/blog\/fites-del-xxi-festival-de-poesia-de-la-mediterrania\/","title":{"rendered":"Fites del XXI Festival de Poesia de la Mediterr\u00e1nia"},"content":{"rendered":"\n\t\t\t\t\n<h2 class=\"wp-block-heading\">Lebogang Mashile<\/h2>\n\n\n\n<figure><iframe loading=\"lazy\" src=\"https:\/\/player.vimeo.com\/video\/402975858\" allowfullscreen=\"\" width=\"640\" height=\"360\"><\/iframe><\/figure>\n\n\n\n<p>Lebogang Mashile (Estats Units, 1979).Poeta, actriu, cantant, performer i activista cultural i humanista. \u00c9s una dona que des dels 16 anys viu a Sud-\u00e0frica, d\u2019on els seus pares s\u2019havien exiliat per mor de l\u2019apartheid. Amb tres amigues forma el grup po\u00e8tic Feela Sistah! Spoken Word Collective, que r\u00e0pidament va aconseguir una gran popularitat. El 2004 fa el seu debut a la pel\u00b7l\u00edcula, nominada a l\u2019Oscar, Hotel Rwanda.Amb la core\u00f2grafa Sylvia Glasser escriu i protagonitza Threads (2004), amb la companyia Moving Into Dance Mophatong, que fusiona poesia, m\u00fasica i dansa i aborda temes dif\u00edcils que afecten la societat, com ara l\u2019homof\u00f2bia, l\u2019afrof\u00f2bia i la viol\u00e8ncia dom\u00e8stica, malures contra les quals lluita amb la paraula, el ball i la m\u00fasica en una revolta l\u00edrica extraordin\u00e0ria. Va enregistrar un disc d\u2019actuaci\u00f3 en directe en qu\u00e8 incorpora m\u00fasica i poesia, Lebo Mashile Live!El 2005 publica el seu primer llibre de poemes, In a Ribbon of Rhythm, pel qual va rebre el premi NOMA, un dels m\u00e9s importants de la literatura sud-africana. Els seus poemes, que parlen de la vida a la nova Sud-\u00e0frica, l\u2019estat d\u2019explotaci\u00f3 de la dona, el patriarcalisme de l\u2019home, la diversitat, la viol\u00e8ncia i la fragilitat dels individus, s\u00f3n tractats amb urg\u00e8ncia, humor i esperit de combat amb quelcom de malenconia. El jurat va dir que la seva poesia tenia \u201cun sabor oral distint, que desenvolupa poesia i interpretaci\u00f3 m\u00e9s enll\u00e0 dels l\u00edmits de la poesia de l\u2019\u00e8poca de la resist\u00e8ncia.\u201dEl 2011, la revista New African consider\u00e0 Mashile una de les 100 millors africanes. El 2012 va guanyar el premi Art Ambassador en els premis Mbokodo.Mashile considera que el seu poder expressiu \u00e9s l\u2019eina m\u00e9s efica\u00e7 per provocar aquells canvis d\u2019actitud mental que es necessiten despr\u00e9s dels canvis sociopol\u00edtics a la Sud-\u00e0frica postapartheid. \u201cL\u2019enemic no \u00e9s realment clar, com era abans. Es tracta d\u2019una lluita incre\u00efblement sensible i complicada de moltes dimensions, per\u00f2 el lloc d\u2019aquesta lluita \u00e9s a dins\u2026 El llenguatge de la poesia prov\u00e9 d\u2019un lloc on ha de comen\u00e7ar aquesta transformaci\u00f3, un lloc de cerca intu\u00eftiva, creativa i espiritual que ser\u00e0 el combustible de qualsevol mena de proc\u00e9s de transformaci\u00f3.\u201dEl febrer de 2018 va debutar amb una pe\u00e7a teatral sobre Saartjie Baartman, una dona africana exhibida com a espectacle a Europa al segle XIX.Els seus poemes han quedat recollits en el llibre Flying Above the Sky (2008) i en l\u2019\u00e0lbum Moya (2016), editat en col\u00b7laboraci\u00f3 amb el cantant i compositor Majola<\/p>\n\n\n\n<hr class=\"wp-block-separator\"\/>\n\n\n\n<h2 class=\"wp-block-heading\">Anna Gas Serra<\/h2>\n\n\n\n<figure><iframe loading=\"lazy\" src=\"https:\/\/player.vimeo.com\/video\/402974767\" allowfullscreen=\"\" width=\"640\" height=\"360\"><\/iframe><\/figure>\n\n\n\n<p>La conversa amb un amic poeta, la curiositat, primer, i despr\u00e9s el gust de la lectura dels seus poemes de Crossa d\u2019aigua i de Llengua d\u2019\u00e0ntrax varen fer que convid\u00e0s l\u2019Anna a participar al XXI Festival de Poesia de la Mediterr\u00e0nia. Descobria en els seus versos una veu tendrella, provocadora, hiperest\u00e8sica, plena de replecs i de savieses noves de trinca que desprenien els perfums cl\u00e0ssics de l\u2019amor i de la revolta. La jovenesa generosa d\u2019una dona que inventava m\u00fasiques pampalluguejadores que no havia sentit mai.\u2028Ella t\u00e9 ben clar el seu medi vital. Anna diu: \u201cHe crescut al barri del Congr\u00e9s de Barcelona, allunyada de l\u2019aglomeraci\u00f3\u0301 transit\u00f2ria del centre. Abans d\u2019apropar-m\u2019hi, vaig descobrir els camps de blat de moro i l\u2019olor de fems de Castellser\u00e0, on s\u2019arrelen els records m\u00e9s v\u00edvids de la meva infantesa. Crec que les respostes, o les preguntes vision\u00e0ries, es troben en els racons m\u00e9s marginals. La meva atracci\u00f3\u0301 per all\u00f2\u0300 estrany i perill\u00f3s, desviat de la norma, sovint em permet l\u2019acc\u00e9s a espais i temps singulars, minoritaris, on se m\u2019enc\u00e9n a l\u2019est\u00f3mac una llum vermella que em requereix asseure\u2019m a escriure. Quan faig versos, oscil\u00b7lo entre l\u2019hemorr\u00e0gia, els forats i la runa, i la cerca de l\u2019estructura perfecta que em reveli alguna cosa com si fos la primera vegada.\u201d\u2028El seu primer llibre, Crossa d\u2019aigua, de 2017, fou reconegut amb el Premi Joan Duch. El prologuista, Abraham Mohino, la retratava aix\u00ed: \u201cTensa en les formes, severa en el contingut. Elabora vers a vers una an\u00e0lisi entomol\u00f2gica de la passi\u00f3, d\u2019unes relacions en qu\u00e8 mana la desproporci\u00f3, la mancan\u00e7a o la mutilaci\u00f3, les quals acaben abocant a la ret\u00f2rica de la separaci\u00f3 i del silenci.\u201d\u2028El seu segon llibre, Llengua d\u2019\u00e0ntrax, de 2019, el vaig epilogar i hi comentava: \u201cHi ha el cos que mostra l\u2019\u00e0nima. Hi ha la llum que et rep des d\u2019un bell principi amb una capada de confian\u00e7a. Hi ha la terra i la pedra entre els cossos. Hi ha la m\u00fasica que cerquen els mots per dir i desdir la faula. Hi ha el tremolor de les cal\u00b7ligrafies enfonsades entre nervis i sang. Hi ha la festa i l\u2019ofec, la fortor de les coses marcescents, l\u2019afany senzill de la tendresa. Hi ha el crits desafinats que amaguen m\u00e9s que mostren. Hi ha la calidesa d\u2019una m\u00e0 que tix.\u201d\u2028Vaig tenir una alegria de no dir quan un prestigi\u00f3s jurat de poetes li conced\u00ed, el passat mar\u00e7 de 2020, el premi Josep Maria Llompart, un dels premis Cavall Verd de l\u2019Associaci\u00f3 d\u2019Escriptors en Llengua Catalana, per al millor llibre de poesia publicat el 2019 i el considerava: \u201cUna proposta formal i arriscada, innovadora, que deriva en una visi\u00f3 est\u00e8tica que porta m\u00e9s enll\u00e0 el llenguatge i dona un nou tractament del cos, la corporalitat i el pensament d\u2019una manera trencadora.\u201d\u2028Amb tots vosaltres, amadors de la poesia, la m\u00fasica verbal d\u2019Anna Gas! <\/p>\n\n\n\n<hr class=\"wp-block-separator\"\/>\n\n\n\n<h2 class=\"wp-block-heading\">Llu\u00eds Calvo <\/h2>\n\n\n\n<figure><iframe loading=\"lazy\" src=\"https:\/\/player.vimeo.com\/video\/402978393\" allowfullscreen=\"\" width=\"640\" height=\"360\"><\/iframe><\/figure>\n\n\n\n<p>Llu\u00eds Calvo Guardiola (Saragossa, 1963).\u2028Poeta, narrador, cr\u00edtic literari i assagista. Explorador del vers, transgressor dels g\u00e8neres, viatjador entre tots els sabers, lluitador per l\u2019esperit de revolta de les avantguardes amb el cant subversiu com a deixant. Abans de tot es considera poeta i des d\u2019un bell principi assegura que la feina poemera de tenir cura del llenguatge \u00e9s tenir cura de les idees. T\u00e9 ben clar que la realitat \u00e9s una forma de llenguatge. Fa servir la intu\u00efci\u00f3 com a guia d\u2019escriptura i de coneixement envers el raciocini dominant. Li interessa la literatura que planteja interrogants com a cam\u00ed de recerca i d\u2019aprofundiment de si mateix. Vol lligar dos mons desconnectats: el macrocosmos i el microcosmos. \u201cEl poema exerceix la funci\u00f3 de batall que desperta els ve\u00efns en l\u2019alta nit.\u201d \u201cL\u2019art no ha d\u2019agradar-nos, si agradar-nos vol dir reiterar les nostres conviccions.\u201d \u201c No vull incomodar-vos, diu alg\u00fa. Just el contrari del que jo pretenc.\u201d \u201c\u00c9s ben ingenu creure que l\u2019art pot canviar el m\u00f3n. Tanmateix no hauria de deixar-lo, exactament, com l\u2019ha trobat.\u201d\u2028Ha publicat Ve\u00efnatge d\u2019hores&nbsp;(1987, premi Amadeu Oller),&nbsp;A contrallum&nbsp;(1989, premi Miquel Mart\u00ed i Pol),&nbsp;Vida terrenal&nbsp;(1991, premi Miquel de Palol 1990),&nbsp;Jard\u00ed d\u2019una ciutat deserta&nbsp;(1992, premi Salvador Espriu, de Calafell, 1991),&nbsp;La llunyania&nbsp;(1993),&nbsp;El m\u00f3n que respirava pels ulls&nbsp;(1996, premi J. M. L\u00f3pez-Pic\u00f3 1995),&nbsp;L\u2019estret de Bering&nbsp;(1997, premi Ciutat de Palma 1996),&nbsp;Opus spicatum&nbsp;(2000, premi Maria Merc\u00e8 Mar\u00e7al),&nbsp;Omissi\u00f3. L\u2019u de la u&nbsp;(2001),&nbsp;El buit i la medusa&nbsp;(2002, flor natural als Jocs Florals de Barcelona),&nbsp;La tirania del discurs. Protoversos i electropoemes&nbsp;(2003),&nbsp;Andr\u00f2meda espiral. Els bumerangs de Villa Chigi&nbsp;(2005),&nbsp;Al ras&nbsp;(2007),&nbsp;\u00daltima oda a Barcelona&nbsp;(2008, amb J. Valls),&nbsp;Cent mil d\u00e9us en un cau fosc&nbsp;(2008, premi Rosa Leveroni 2007),&nbsp;Col\u00b7lisions&nbsp;(premi Vicent Andr\u00e9s Estell\u00e9s 2009),&nbsp;Estiula (2011, premi Cr\u00edtica Serra d\u2019Or de poesia 2012),&nbsp;Teresa la m\u00f2mia&nbsp;(amb David Ca\u00f1o, 2013),&nbsp;Llegat rebel&nbsp;(2013) i&nbsp;Ancestral&nbsp;(2019). L\u2019any 2019 guany\u00e0 el premi Carles Riba de poesia per&nbsp;L\u2019espai profund. \u00c9s tamb\u00e9 autor de les novel\u00b7les&nbsp;Aconitum&nbsp;(1999),&nbsp;Electra i la carretera&nbsp;(2001),&nbsp;L\u2019expulsi\u00f3 del parad\u00eds&nbsp;(2004) i&nbsp;L\u2019endem\u00e0 de tot&nbsp;(2014), dels estudis literaris i filos\u00f2fics&nbsp;Les interpretacions&nbsp;(2006),&nbsp;Baules i llenguatges&nbsp;(2011),&nbsp;El meridi\u00e0 de Par\u00eds&nbsp;(2016) i&nbsp;L\u2019infiltrat. Estrat\u00e8gies d\u2019intrusi\u00f3, anonimat i resist\u00e8ncia&nbsp;(2019), i de l\u2019obra teatral&nbsp;Miserere&nbsp;(2000). L\u2019any 2017 reb\u00e9 el premi Quima Jaume a la traject\u00f2ria liter\u00e0ria.\u2028S\u2019han tradu\u00eft poemes seus a l\u2019espanyol, a l\u2019angl\u00e8s, a l\u2019itali\u00e0, al franc\u00e8s, al portugu\u00e8s i al polon\u00e8s, i ha estat antologat en m\u00e9s de vint publicacions nacionals i internacionals.\u2028<\/p>\n\t\t","protected":false},"excerpt":{"rendered":"<p>Lebogang Mashile Lebogang Mashile (Estats Units, 1979).Poeta, actriu, cantant, performer i activista cultural i humanista. \u00c9s una dona que des dels 16 anys viu a Sud-\u00e0frica, d\u2019on els seus pares s\u2019havien exiliat per mor de l\u2019apartheid. Amb tres amigues forma el grup po\u00e8tic Feela Sistah! Spoken Word Collective, que r\u00e0pidament va aconseguir una gran popularitat. [&hellip;]<\/p>\n","protected":false},"author":1,"featured_media":652,"comment_status":"closed","ping_status":"closed","sticky":false,"template":"","format":"standard","meta":{"footnotes":""},"categories":[3],"tags":[10,22,68,72],"class_list":["post-842","post","type-post","status-publish","format-standard","has-post-thumbnail","hentry","category-festival-de-poesia-de-la-mediterrania","tag-anna-gas-serra","tag-biel-mesquida","tag-lebogang-mashile","tag-lluis-calvo"],"yoast_head":"<!-- This site is optimized with the Yoast SEO plugin v26.1.1 - https:\/\/yoast.com\/wordpress\/plugins\/seo\/ -->\n<title>- magn\u00e9tika visuals<\/title>\n<meta name=\"description\" content=\"visual art, mappings\/micromappings, dinamic mapping projections,permanent installations, sound design, documentaries\" \/>\n<meta name=\"robots\" content=\"index, follow, max-snippet:-1, max-image-preview:large, max-video-preview:-1\" \/>\n<link rel=\"canonical\" href=\"https:\/\/www.magnetika.es\/blog\/fites-del-xxi-festival-de-poesia-de-la-mediterrania\/\" \/>\n<meta property=\"og:locale\" content=\"es_ES\" \/>\n<meta property=\"og:type\" content=\"article\" \/>\n<meta property=\"og:title\" content=\"- magn\u00e9tika visuals\" \/>\n<meta property=\"og:description\" content=\"visual art, mappings\/micromappings, dinamic mapping projections,permanent installations, sound design, documentaries\" \/>\n<meta property=\"og:url\" content=\"https:\/\/www.magnetika.es\/blog\/fites-del-xxi-festival-de-poesia-de-la-mediterrania\/\" \/>\n<meta property=\"og:site_name\" content=\"magn\u00e9tika visuals\" \/>\n<meta property=\"article:publisher\" content=\"https:\/\/www.facebook.com\/damagnetika\/\" \/>\n<meta property=\"article:published_time\" content=\"2020-04-10T14:11:58+00:00\" \/>\n<meta property=\"article:modified_time\" content=\"2021-09-20T14:45:44+00:00\" \/>\n<meta property=\"og:image\" content=\"https:\/\/www.magnetika.es\/blog\/wp-content\/uploads\/2020\/04\/poesiaXXI-Portada-capsula-01.png\" \/>\n\t<meta property=\"og:image:width\" content=\"230\" \/>\n\t<meta property=\"og:image:height\" content=\"330\" \/>\n\t<meta property=\"og:image:type\" content=\"image\/png\" \/>\n<meta name=\"author\" content=\"NWP-21admin\" \/>\n<meta name=\"twitter:card\" content=\"summary_large_image\" \/>\n<script type=\"application\/ld+json\" class=\"yoast-schema-graph\">{\"@context\":\"https:\/\/schema.org\",\"@graph\":[{\"@type\":\"Article\",\"@id\":\"https:\/\/www.magnetika.es\/blog\/fites-del-xxi-festival-de-poesia-de-la-mediterrania\/#article\",\"isPartOf\":{\"@id\":\"https:\/\/www.magnetika.es\/blog\/fites-del-xxi-festival-de-poesia-de-la-mediterrania\/\"},\"author\":{\"name\":\"NWP-21admin\",\"@id\":\"https:\/\/www.magnetika.es\/blog\/#\/schema\/person\/99dc68657bc6ea5306a0130b4ae0b74e\"},\"headline\":\"Fites del XXI Festival de Poesia de la Mediterr\u00e1nia\",\"datePublished\":\"2020-04-10T14:11:58+00:00\",\"dateModified\":\"2021-09-20T14:45:44+00:00\",\"mainEntityOfPage\":{\"@id\":\"https:\/\/www.magnetika.es\/blog\/fites-del-xxi-festival-de-poesia-de-la-mediterrania\/\"},\"wordCount\":1511,\"publisher\":{\"@id\":\"https:\/\/www.magnetika.es\/blog\/#organization\"},\"image\":{\"@id\":\"https:\/\/www.magnetika.es\/blog\/fites-del-xxi-festival-de-poesia-de-la-mediterrania\/#primaryimage\"},\"thumbnailUrl\":\"https:\/\/www.magnetika.es\/blog\/wp-content\/uploads\/2020\/04\/poesiaXXI-Portada-capsula-01.png\",\"keywords\":[\"Anna Gas Serra\",\"Biel Mesquida\",\"Lebogang mashile\",\"Llu\u00eds Calvo\"],\"articleSection\":[\"Poesia de la Mediterr\u00e0nia\"],\"inLanguage\":\"es\"},{\"@type\":[\"WebPage\",\"ItemPage\"],\"@id\":\"https:\/\/www.magnetika.es\/blog\/fites-del-xxi-festival-de-poesia-de-la-mediterrania\/\",\"url\":\"https:\/\/www.magnetika.es\/blog\/fites-del-xxi-festival-de-poesia-de-la-mediterrania\/\",\"name\":\"- magn\u00e9tika visuals\",\"isPartOf\":{\"@id\":\"https:\/\/www.magnetika.es\/blog\/#website\"},\"primaryImageOfPage\":{\"@id\":\"https:\/\/www.magnetika.es\/blog\/fites-del-xxi-festival-de-poesia-de-la-mediterrania\/#primaryimage\"},\"image\":{\"@id\":\"https:\/\/www.magnetika.es\/blog\/fites-del-xxi-festival-de-poesia-de-la-mediterrania\/#primaryimage\"},\"thumbnailUrl\":\"https:\/\/www.magnetika.es\/blog\/wp-content\/uploads\/2020\/04\/poesiaXXI-Portada-capsula-01.png\",\"datePublished\":\"2020-04-10T14:11:58+00:00\",\"dateModified\":\"2021-09-20T14:45:44+00:00\",\"description\":\"visual art, mappings\/micromappings, dinamic mapping projections,permanent installations, sound design, documentaries\",\"breadcrumb\":{\"@id\":\"https:\/\/www.magnetika.es\/blog\/fites-del-xxi-festival-de-poesia-de-la-mediterrania\/#breadcrumb\"},\"inLanguage\":\"es\",\"potentialAction\":[{\"@type\":\"ReadAction\",\"target\":[\"https:\/\/www.magnetika.es\/blog\/fites-del-xxi-festival-de-poesia-de-la-mediterrania\/\"]}]},{\"@type\":\"ImageObject\",\"inLanguage\":\"es\",\"@id\":\"https:\/\/www.magnetika.es\/blog\/fites-del-xxi-festival-de-poesia-de-la-mediterrania\/#primaryimage\",\"url\":\"https:\/\/www.magnetika.es\/blog\/wp-content\/uploads\/2020\/04\/poesiaXXI-Portada-capsula-01.png\",\"contentUrl\":\"https:\/\/www.magnetika.es\/blog\/wp-content\/uploads\/2020\/04\/poesiaXXI-Portada-capsula-01.png\",\"width\":230,\"height\":330,\"caption\":\"\"},{\"@type\":\"BreadcrumbList\",\"@id\":\"https:\/\/www.magnetika.es\/blog\/fites-del-xxi-festival-de-poesia-de-la-mediterrania\/#breadcrumb\",\"itemListElement\":[{\"@type\":\"ListItem\",\"position\":1,\"name\":\"magn\u00e9tika visulas\",\"item\":\"https:\/\/www.magnetika.es\/blog\/\"},{\"@type\":\"ListItem\",\"position\":2,\"name\":\"Fites del XXI Festival de Poesia de la Mediterr\u00e1nia\"}]},{\"@type\":\"WebSite\",\"@id\":\"https:\/\/www.magnetika.es\/blog\/#website\",\"url\":\"https:\/\/www.magnetika.es\/blog\/\",\"name\":\"magn\u00e9tika visuals\",\"description\":\"video mapping, micromappings, visual works, visual art, dinamic mapping proyections\",\"publisher\":{\"@id\":\"https:\/\/www.magnetika.es\/blog\/#organization\"},\"potentialAction\":[{\"@type\":\"SearchAction\",\"target\":{\"@type\":\"EntryPoint\",\"urlTemplate\":\"https:\/\/www.magnetika.es\/blog\/?s={search_term_string}\"},\"query-input\":{\"@type\":\"PropertyValueSpecification\",\"valueRequired\":true,\"valueName\":\"search_term_string\"}}],\"inLanguage\":\"es\"},{\"@type\":\"Organization\",\"@id\":\"https:\/\/www.magnetika.es\/blog\/#organization\",\"name\":\"magnetika visuals\",\"url\":\"https:\/\/www.magnetika.es\/blog\/\",\"logo\":{\"@type\":\"ImageObject\",\"inLanguage\":\"es\",\"@id\":\"https:\/\/www.magnetika.es\/blog\/#\/schema\/logo\/image\/\",\"url\":\"https:\/\/www.magnetika.es\/blog\/wp-content\/uploads\/2021\/09\/LOGO-magnetika-RGB-600-border.jpg\",\"contentUrl\":\"https:\/\/www.magnetika.es\/blog\/wp-content\/uploads\/2021\/09\/LOGO-magnetika-RGB-600-border.jpg\",\"width\":600,\"height\":151,\"caption\":\"magnetika visuals\"},\"image\":{\"@id\":\"https:\/\/www.magnetika.es\/blog\/#\/schema\/logo\/image\/\"},\"sameAs\":[\"https:\/\/www.facebook.com\/damagnetika\/\",\"https:\/\/www.instagram.com\/magnetika_visuals\/\"]},{\"@type\":\"Person\",\"@id\":\"https:\/\/www.magnetika.es\/blog\/#\/schema\/person\/99dc68657bc6ea5306a0130b4ae0b74e\",\"name\":\"NWP-21admin\",\"image\":{\"@type\":\"ImageObject\",\"inLanguage\":\"es\",\"@id\":\"https:\/\/www.magnetika.es\/blog\/#\/schema\/person\/image\/\",\"url\":\"https:\/\/secure.gravatar.com\/avatar\/9ac02f33d1f1c4bc9b262be13460df26e28ad7146e1853541c4dbef651ddd6c9?s=96&d=mm&r=g\",\"contentUrl\":\"https:\/\/secure.gravatar.com\/avatar\/9ac02f33d1f1c4bc9b262be13460df26e28ad7146e1853541c4dbef651ddd6c9?s=96&d=mm&r=g\",\"caption\":\"NWP-21admin\"},\"sameAs\":[\"https:\/\/comp15plus.cyberneticos.com\/~magnetik\/blog\"]}]}<\/script>\n<!-- \/ Yoast SEO plugin. -->","yoast_head_json":{"title":"- magn\u00e9tika visuals","description":"visual art, mappings\/micromappings, dinamic mapping projections,permanent installations, sound design, documentaries","robots":{"index":"index","follow":"follow","max-snippet":"max-snippet:-1","max-image-preview":"max-image-preview:large","max-video-preview":"max-video-preview:-1"},"canonical":"https:\/\/www.magnetika.es\/blog\/fites-del-xxi-festival-de-poesia-de-la-mediterrania\/","og_locale":"es_ES","og_type":"article","og_title":"- magn\u00e9tika visuals","og_description":"visual art, mappings\/micromappings, dinamic mapping projections,permanent installations, sound design, documentaries","og_url":"https:\/\/www.magnetika.es\/blog\/fites-del-xxi-festival-de-poesia-de-la-mediterrania\/","og_site_name":"magn\u00e9tika visuals","article_publisher":"https:\/\/www.facebook.com\/damagnetika\/","article_published_time":"2020-04-10T14:11:58+00:00","article_modified_time":"2021-09-20T14:45:44+00:00","og_image":[{"width":230,"height":330,"url":"https:\/\/www.magnetika.es\/blog\/wp-content\/uploads\/2020\/04\/poesiaXXI-Portada-capsula-01.png","type":"image\/png"}],"author":"NWP-21admin","twitter_card":"summary_large_image","schema":{"@context":"https:\/\/schema.org","@graph":[{"@type":"Article","@id":"https:\/\/www.magnetika.es\/blog\/fites-del-xxi-festival-de-poesia-de-la-mediterrania\/#article","isPartOf":{"@id":"https:\/\/www.magnetika.es\/blog\/fites-del-xxi-festival-de-poesia-de-la-mediterrania\/"},"author":{"name":"NWP-21admin","@id":"https:\/\/www.magnetika.es\/blog\/#\/schema\/person\/99dc68657bc6ea5306a0130b4ae0b74e"},"headline":"Fites del XXI Festival de Poesia de la Mediterr\u00e1nia","datePublished":"2020-04-10T14:11:58+00:00","dateModified":"2021-09-20T14:45:44+00:00","mainEntityOfPage":{"@id":"https:\/\/www.magnetika.es\/blog\/fites-del-xxi-festival-de-poesia-de-la-mediterrania\/"},"wordCount":1511,"publisher":{"@id":"https:\/\/www.magnetika.es\/blog\/#organization"},"image":{"@id":"https:\/\/www.magnetika.es\/blog\/fites-del-xxi-festival-de-poesia-de-la-mediterrania\/#primaryimage"},"thumbnailUrl":"https:\/\/www.magnetika.es\/blog\/wp-content\/uploads\/2020\/04\/poesiaXXI-Portada-capsula-01.png","keywords":["Anna Gas Serra","Biel Mesquida","Lebogang mashile","Llu\u00eds Calvo"],"articleSection":["Poesia de la Mediterr\u00e0nia"],"inLanguage":"es"},{"@type":["WebPage","ItemPage"],"@id":"https:\/\/www.magnetika.es\/blog\/fites-del-xxi-festival-de-poesia-de-la-mediterrania\/","url":"https:\/\/www.magnetika.es\/blog\/fites-del-xxi-festival-de-poesia-de-la-mediterrania\/","name":"- magn\u00e9tika visuals","isPartOf":{"@id":"https:\/\/www.magnetika.es\/blog\/#website"},"primaryImageOfPage":{"@id":"https:\/\/www.magnetika.es\/blog\/fites-del-xxi-festival-de-poesia-de-la-mediterrania\/#primaryimage"},"image":{"@id":"https:\/\/www.magnetika.es\/blog\/fites-del-xxi-festival-de-poesia-de-la-mediterrania\/#primaryimage"},"thumbnailUrl":"https:\/\/www.magnetika.es\/blog\/wp-content\/uploads\/2020\/04\/poesiaXXI-Portada-capsula-01.png","datePublished":"2020-04-10T14:11:58+00:00","dateModified":"2021-09-20T14:45:44+00:00","description":"visual art, mappings\/micromappings, dinamic mapping projections,permanent installations, sound design, documentaries","breadcrumb":{"@id":"https:\/\/www.magnetika.es\/blog\/fites-del-xxi-festival-de-poesia-de-la-mediterrania\/#breadcrumb"},"inLanguage":"es","potentialAction":[{"@type":"ReadAction","target":["https:\/\/www.magnetika.es\/blog\/fites-del-xxi-festival-de-poesia-de-la-mediterrania\/"]}]},{"@type":"ImageObject","inLanguage":"es","@id":"https:\/\/www.magnetika.es\/blog\/fites-del-xxi-festival-de-poesia-de-la-mediterrania\/#primaryimage","url":"https:\/\/www.magnetika.es\/blog\/wp-content\/uploads\/2020\/04\/poesiaXXI-Portada-capsula-01.png","contentUrl":"https:\/\/www.magnetika.es\/blog\/wp-content\/uploads\/2020\/04\/poesiaXXI-Portada-capsula-01.png","width":230,"height":330,"caption":""},{"@type":"BreadcrumbList","@id":"https:\/\/www.magnetika.es\/blog\/fites-del-xxi-festival-de-poesia-de-la-mediterrania\/#breadcrumb","itemListElement":[{"@type":"ListItem","position":1,"name":"magn\u00e9tika visulas","item":"https:\/\/www.magnetika.es\/blog\/"},{"@type":"ListItem","position":2,"name":"Fites del XXI Festival de Poesia de la Mediterr\u00e1nia"}]},{"@type":"WebSite","@id":"https:\/\/www.magnetika.es\/blog\/#website","url":"https:\/\/www.magnetika.es\/blog\/","name":"magn\u00e9tika visuals","description":"video mapping, micromappings, visual works, visual art, dinamic mapping proyections","publisher":{"@id":"https:\/\/www.magnetika.es\/blog\/#organization"},"potentialAction":[{"@type":"SearchAction","target":{"@type":"EntryPoint","urlTemplate":"https:\/\/www.magnetika.es\/blog\/?s={search_term_string}"},"query-input":{"@type":"PropertyValueSpecification","valueRequired":true,"valueName":"search_term_string"}}],"inLanguage":"es"},{"@type":"Organization","@id":"https:\/\/www.magnetika.es\/blog\/#organization","name":"magnetika visuals","url":"https:\/\/www.magnetika.es\/blog\/","logo":{"@type":"ImageObject","inLanguage":"es","@id":"https:\/\/www.magnetika.es\/blog\/#\/schema\/logo\/image\/","url":"https:\/\/www.magnetika.es\/blog\/wp-content\/uploads\/2021\/09\/LOGO-magnetika-RGB-600-border.jpg","contentUrl":"https:\/\/www.magnetika.es\/blog\/wp-content\/uploads\/2021\/09\/LOGO-magnetika-RGB-600-border.jpg","width":600,"height":151,"caption":"magnetika visuals"},"image":{"@id":"https:\/\/www.magnetika.es\/blog\/#\/schema\/logo\/image\/"},"sameAs":["https:\/\/www.facebook.com\/damagnetika\/","https:\/\/www.instagram.com\/magnetika_visuals\/"]},{"@type":"Person","@id":"https:\/\/www.magnetika.es\/blog\/#\/schema\/person\/99dc68657bc6ea5306a0130b4ae0b74e","name":"NWP-21admin","image":{"@type":"ImageObject","inLanguage":"es","@id":"https:\/\/www.magnetika.es\/blog\/#\/schema\/person\/image\/","url":"https:\/\/secure.gravatar.com\/avatar\/9ac02f33d1f1c4bc9b262be13460df26e28ad7146e1853541c4dbef651ddd6c9?s=96&d=mm&r=g","contentUrl":"https:\/\/secure.gravatar.com\/avatar\/9ac02f33d1f1c4bc9b262be13460df26e28ad7146e1853541c4dbef651ddd6c9?s=96&d=mm&r=g","caption":"NWP-21admin"},"sameAs":["https:\/\/comp15plus.cyberneticos.com\/~magnetik\/blog"]}]}},"_links":{"self":[{"href":"https:\/\/www.magnetika.es\/blog\/wp-json\/wp\/v2\/posts\/842","targetHints":{"allow":["GET"]}}],"collection":[{"href":"https:\/\/www.magnetika.es\/blog\/wp-json\/wp\/v2\/posts"}],"about":[{"href":"https:\/\/www.magnetika.es\/blog\/wp-json\/wp\/v2\/types\/post"}],"author":[{"embeddable":true,"href":"https:\/\/www.magnetika.es\/blog\/wp-json\/wp\/v2\/users\/1"}],"replies":[{"embeddable":true,"href":"https:\/\/www.magnetika.es\/blog\/wp-json\/wp\/v2\/comments?post=842"}],"version-history":[{"count":1,"href":"https:\/\/www.magnetika.es\/blog\/wp-json\/wp\/v2\/posts\/842\/revisions"}],"predecessor-version":[{"id":933,"href":"https:\/\/www.magnetika.es\/blog\/wp-json\/wp\/v2\/posts\/842\/revisions\/933"}],"wp:featuredmedia":[{"embeddable":true,"href":"https:\/\/www.magnetika.es\/blog\/wp-json\/wp\/v2\/media\/652"}],"wp:attachment":[{"href":"https:\/\/www.magnetika.es\/blog\/wp-json\/wp\/v2\/media?parent=842"}],"wp:term":[{"taxonomy":"category","embeddable":true,"href":"https:\/\/www.magnetika.es\/blog\/wp-json\/wp\/v2\/categories?post=842"},{"taxonomy":"post_tag","embeddable":true,"href":"https:\/\/www.magnetika.es\/blog\/wp-json\/wp\/v2\/tags?post=842"}],"curies":[{"name":"wp","href":"https:\/\/api.w.org\/{rel}","templated":true}]}}