{"id":687,"date":"2020-05-14T05:07:21","date_gmt":"2020-05-14T05:07:21","guid":{"rendered":"http:\/\/www.magnetika.es\/blog\/?p=687"},"modified":"2021-09-20T14:44:32","modified_gmt":"2021-09-20T14:44:32","slug":"lluis-calvo-fites-del-xxi-festival-de-poesia-de-la-mediterrania","status":"publish","type":"post","link":"https:\/\/www.magnetika.es\/blog\/lluis-calvo-fites-del-xxi-festival-de-poesia-de-la-mediterrania\/","title":{"rendered":"Llu\u00eds Calvo &#8211; Fites del XXI Festival de Poesia de la Mediterr\u00e0nia"},"content":{"rendered":"\n\t\t\t\t\n<p>LLU\u00cdS CALVO GUARDIOLA (Saragossa, 1963).<\/p>\n\n\n\n<p>Poeta, narrador, cr\u00edtic literari i assagista. Explorador del vers, transgressor dels g\u00e8neres, viatjador entre tots els sabers, lluitador per l\u2019esperit de revolta de les avantguardes amb el cant subversiu com a deixant. Abans de tot es considera poeta i des d\u2019un bell principi assegura que la feina poemera de tenir cura del llenguatge \u00e9s tenir cura de les idees. T\u00e9 ben clar que la realitat \u00e9s una forma de llenguatge. Fa servir la intu\u00efci\u00f3 com a guia d\u2019escriptura i de coneixement envers el raciocini dominant. Li interessa la literatura que planteja interrogants com a cam\u00ed de recerca i d\u2019aprofundiment de si mateix. Vol lligar dos mons desconnectats: el macrocosmos i el microcosmos. \u201cEl poema exerceix la funci\u00f3 de batall que desperta els ve\u00efns en l\u2019alta nit.\u201d \u201cL\u2019art no ha d\u2019agradar-nos, si <em>agradar-nos<\/em> vol dir reiterar les nostres conviccions.\u201d \u201c No <em>vull incomodar-vos<\/em>, diu alg\u00fa. Just el contrari del que jo pretenc.\u201d \u201c\u00c9s ben ingenu creure que l\u2019art pot canviar el m\u00f3n. Tanmateix no hauria de deixar-lo, exactament, com l\u2019ha trobat.\u201d<\/p>\n\n\n\n<p>Ha publicat <em>Ve\u00efnatge d\u2019hores<\/em>&nbsp;(1987, premi Amadeu Oller),&nbsp;<em>A\ncontrallum<\/em>&nbsp;(1989, premi Miquel Mart\u00ed i\nPol),&nbsp;<em>Vida terrenal<\/em>&nbsp;(1991,\npremi Miquel de Palol 1990),&nbsp;<em>Jard\u00ed d\u2019una ciutat deserta<\/em>&nbsp;(1992, premi Salvador Espriu, de Calafell, 1991),&nbsp;<em>La\nllunyania<\/em>&nbsp;(1993),&nbsp;<em>El\nm\u00f3n que respirava pels ulls<\/em>&nbsp;(1996, premi\nJ. M. L\u00f3pez-Pic\u00f3 1995),&nbsp;<em>L\u2019estret de Bering<\/em>&nbsp;(1997, premi Ciutat de Palma 1996),&nbsp;<em>Opus\nspicatum<\/em>&nbsp;(2000, premi Maria Merc\u00e8\nMar\u00e7al),&nbsp;<em>Omissi\u00f3. L\u2019u de la u<\/em>&nbsp;(2001),&nbsp;<em>El buit i la medusa<\/em>&nbsp;(2002, flor natural als Jocs Florals de\nBarcelona),&nbsp;<em>La tirania del discurs. Protoversos i electropoemes<\/em>&nbsp;(2003),&nbsp;<em>Andr\u00f2meda espiral. Els\nbumerangs de Villa Chigi<\/em>&nbsp;(2005),&nbsp;<em>Al\nras<\/em>&nbsp;(2007),&nbsp;<em>\u00daltima oda a\nBarcelona<\/em>&nbsp;(2008, amb J. Valls),&nbsp;<em>Cent\nmil d\u00e9us en un cau fosc<\/em>&nbsp;(2008, premi\nRosa Leveroni 2007),&nbsp;<em>Col\u00b7lisions<\/em>&nbsp;(premi Vicent Andr\u00e9s Estell\u00e9s 2009),&nbsp;<em>Estiula <\/em>(2011, premi Cr\u00edtica Serra d\u2019Or de poesia 2012),&nbsp;<em>Teresa\nla m\u00f2mia<\/em>&nbsp;(amb David Ca\u00f1o, 2013),&nbsp;<em>Llegat\nrebel<\/em>&nbsp;(2013) i&nbsp;<em>Ancestral<\/em>&nbsp;(2019). L\u2019any 2019 guany\u00e0 el premi Carles Riba de\npoesia per&nbsp;<em>L\u2019espai profund<\/em>. \u00c9s tamb\u00e9\nautor de les novel\u00b7les&nbsp;<em>Aconitum<\/em>&nbsp;(1999),&nbsp;<em>Electra i la carretera<\/em>&nbsp;(2001),&nbsp;<em>L\u2019expulsi\u00f3 del parad\u00eds<\/em>&nbsp;(2004) i&nbsp;<em>L\u2019endem\u00e0 de tot<\/em>&nbsp;(2014), dels estudis literaris i filos\u00f2fics&nbsp;<em>Les\ninterpretacions<\/em>&nbsp;(2006),&nbsp;<em>Baules\ni llenguatges<\/em>&nbsp;(2011),&nbsp;<em>El\nmeridi\u00e0 de Par\u00eds<\/em>&nbsp;(2016) i&nbsp;<em>L\u2019infiltrat.\nEstrat\u00e8gies d\u2019intrusi\u00f3, anonimat i resist\u00e8ncia<\/em>&nbsp;(2019), i de l\u2019obra teatral&nbsp;<em>Miserere<\/em>&nbsp;(2000). L\u2019any 2017 reb\u00e9 el premi Quima Jaume a la traject\u00f2ria\nliter\u00e0ria.<\/p>\n\n\n\n<p>S\u2019han tradu\u00eft poemes seus a l\u2019espanyol, a l\u2019angl\u00e8s, a l\u2019itali\u00e0, al franc\u00e8s, al portugu\u00e8s i al polon\u00e8s, i ha estat antologat en m\u00e9s de vint publicacions nacionals i internacionals.<\/p>\n\n\n\n<p>Biel Mesquida. Director del XXI Festival de Poesia de la Mediterr\u00e0nia.<\/p>\n\n\n\n<figure><iframe loading=\"lazy\" src=\"https:\/\/player.vimeo.com\/video\/402978393\" allowfullscreen=\"\" width=\"640\" height=\"360\"><\/iframe><\/figure>\n\t\t","protected":false},"excerpt":{"rendered":"<p>\t\t\t\tPoeta, narrador, cr\u00edtic literari i assagista. Explorador del vers, transgressor dels g\u00e8neres, viatjador entre tots els sabers, lluitador per l\u2019esperit de revolta de les avantguardes amb el cant subversiu com a deixant.\t\t<\/p>\n","protected":false},"author":1,"featured_media":676,"comment_status":"closed","ping_status":"closed","sticky":false,"template":"","format":"standard","meta":{"footnotes":""},"categories":[3],"tags":[22,51,72],"class_list":["post-687","post","type-post","status-publish","format-standard","has-post-thumbnail","hentry","category-festival-de-poesia-de-la-mediterrania","tag-biel-mesquida","tag-festival-de-poesia-de-la-mediterrania","tag-lluis-calvo"],"yoast_head":"<!-- This site is optimized with the Yoast SEO plugin v26.1.1 - https:\/\/yoast.com\/wordpress\/plugins\/seo\/ -->\n<title>- magn\u00e9tika visuals<\/title>\n<meta name=\"description\" content=\"visual art, mappings\/micromappings, dinamic mapping projections,permanent installations, sound design, documentaries\" \/>\n<meta name=\"robots\" content=\"index, follow, max-snippet:-1, max-image-preview:large, max-video-preview:-1\" \/>\n<link rel=\"canonical\" href=\"https:\/\/www.magnetika.es\/blog\/lluis-calvo-fites-del-xxi-festival-de-poesia-de-la-mediterrania\/\" \/>\n<meta property=\"og:locale\" content=\"es_ES\" \/>\n<meta property=\"og:type\" content=\"article\" \/>\n<meta property=\"og:title\" content=\"- magn\u00e9tika visuals\" \/>\n<meta property=\"og:description\" content=\"visual art, mappings\/micromappings, dinamic mapping projections,permanent installations, sound design, documentaries\" \/>\n<meta property=\"og:url\" content=\"https:\/\/www.magnetika.es\/blog\/lluis-calvo-fites-del-xxi-festival-de-poesia-de-la-mediterrania\/\" \/>\n<meta property=\"og:site_name\" content=\"magn\u00e9tika visuals\" \/>\n<meta property=\"article:publisher\" content=\"https:\/\/www.facebook.com\/damagnetika\/\" \/>\n<meta property=\"article:published_time\" content=\"2020-05-14T05:07:21+00:00\" \/>\n<meta property=\"article:modified_time\" content=\"2021-09-20T14:44:32+00:00\" \/>\n<meta property=\"og:image\" content=\"https:\/\/www.magnetika.es\/blog\/wp-content\/uploads\/2020\/05\/LLUIS-CALVO-portada-magnetika_es.png\" \/>\n\t<meta property=\"og:image:width\" content=\"230\" \/>\n\t<meta property=\"og:image:height\" content=\"330\" \/>\n\t<meta property=\"og:image:type\" content=\"image\/png\" \/>\n<meta name=\"author\" content=\"NWP-21admin\" \/>\n<meta name=\"twitter:card\" content=\"summary_large_image\" \/>\n<script type=\"application\/ld+json\" class=\"yoast-schema-graph\">{\"@context\":\"https:\/\/schema.org\",\"@graph\":[{\"@type\":\"Article\",\"@id\":\"https:\/\/www.magnetika.es\/blog\/lluis-calvo-fites-del-xxi-festival-de-poesia-de-la-mediterrania\/#article\",\"isPartOf\":{\"@id\":\"https:\/\/www.magnetika.es\/blog\/lluis-calvo-fites-del-xxi-festival-de-poesia-de-la-mediterrania\/\"},\"author\":{\"name\":\"NWP-21admin\",\"@id\":\"https:\/\/www.magnetika.es\/blog\/#\/schema\/person\/99dc68657bc6ea5306a0130b4ae0b74e\"},\"headline\":\"Llu\u00eds Calvo &#8211; Fites del XXI Festival de Poesia de la Mediterr\u00e0nia\",\"datePublished\":\"2020-05-14T05:07:21+00:00\",\"dateModified\":\"2021-09-20T14:44:32+00:00\",\"mainEntityOfPage\":{\"@id\":\"https:\/\/www.magnetika.es\/blog\/lluis-calvo-fites-del-xxi-festival-de-poesia-de-la-mediterrania\/\"},\"wordCount\":534,\"publisher\":{\"@id\":\"https:\/\/www.magnetika.es\/blog\/#organization\"},\"image\":{\"@id\":\"https:\/\/www.magnetika.es\/blog\/lluis-calvo-fites-del-xxi-festival-de-poesia-de-la-mediterrania\/#primaryimage\"},\"thumbnailUrl\":\"https:\/\/www.magnetika.es\/blog\/wp-content\/uploads\/2020\/05\/LLUIS-CALVO-portada-magnetika_es.png\",\"keywords\":[\"Biel Mesquida\",\"Festival de Poesia de la Mediterr\u00e0nia\",\"Llu\u00eds Calvo\"],\"articleSection\":[\"Poesia de la Mediterr\u00e0nia\"],\"inLanguage\":\"es\"},{\"@type\":[\"WebPage\",\"ItemPage\"],\"@id\":\"https:\/\/www.magnetika.es\/blog\/lluis-calvo-fites-del-xxi-festival-de-poesia-de-la-mediterrania\/\",\"url\":\"https:\/\/www.magnetika.es\/blog\/lluis-calvo-fites-del-xxi-festival-de-poesia-de-la-mediterrania\/\",\"name\":\"- magn\u00e9tika visuals\",\"isPartOf\":{\"@id\":\"https:\/\/www.magnetika.es\/blog\/#website\"},\"primaryImageOfPage\":{\"@id\":\"https:\/\/www.magnetika.es\/blog\/lluis-calvo-fites-del-xxi-festival-de-poesia-de-la-mediterrania\/#primaryimage\"},\"image\":{\"@id\":\"https:\/\/www.magnetika.es\/blog\/lluis-calvo-fites-del-xxi-festival-de-poesia-de-la-mediterrania\/#primaryimage\"},\"thumbnailUrl\":\"https:\/\/www.magnetika.es\/blog\/wp-content\/uploads\/2020\/05\/LLUIS-CALVO-portada-magnetika_es.png\",\"datePublished\":\"2020-05-14T05:07:21+00:00\",\"dateModified\":\"2021-09-20T14:44:32+00:00\",\"description\":\"visual art, mappings\/micromappings, dinamic mapping projections,permanent installations, sound design, documentaries\",\"breadcrumb\":{\"@id\":\"https:\/\/www.magnetika.es\/blog\/lluis-calvo-fites-del-xxi-festival-de-poesia-de-la-mediterrania\/#breadcrumb\"},\"inLanguage\":\"es\",\"potentialAction\":[{\"@type\":\"ReadAction\",\"target\":[\"https:\/\/www.magnetika.es\/blog\/lluis-calvo-fites-del-xxi-festival-de-poesia-de-la-mediterrania\/\"]}]},{\"@type\":\"ImageObject\",\"inLanguage\":\"es\",\"@id\":\"https:\/\/www.magnetika.es\/blog\/lluis-calvo-fites-del-xxi-festival-de-poesia-de-la-mediterrania\/#primaryimage\",\"url\":\"https:\/\/www.magnetika.es\/blog\/wp-content\/uploads\/2020\/05\/LLUIS-CALVO-portada-magnetika_es.png\",\"contentUrl\":\"https:\/\/www.magnetika.es\/blog\/wp-content\/uploads\/2020\/05\/LLUIS-CALVO-portada-magnetika_es.png\",\"width\":230,\"height\":330,\"caption\":\"\"},{\"@type\":\"BreadcrumbList\",\"@id\":\"https:\/\/www.magnetika.es\/blog\/lluis-calvo-fites-del-xxi-festival-de-poesia-de-la-mediterrania\/#breadcrumb\",\"itemListElement\":[{\"@type\":\"ListItem\",\"position\":1,\"name\":\"magn\u00e9tika visulas\",\"item\":\"https:\/\/www.magnetika.es\/blog\/\"},{\"@type\":\"ListItem\",\"position\":2,\"name\":\"Llu\u00eds Calvo &#8211; Fites del XXI Festival de Poesia de la Mediterr\u00e0nia\"}]},{\"@type\":\"WebSite\",\"@id\":\"https:\/\/www.magnetika.es\/blog\/#website\",\"url\":\"https:\/\/www.magnetika.es\/blog\/\",\"name\":\"magn\u00e9tika visuals\",\"description\":\"video mapping, micromappings, visual works, visual art, dinamic mapping proyections\",\"publisher\":{\"@id\":\"https:\/\/www.magnetika.es\/blog\/#organization\"},\"potentialAction\":[{\"@type\":\"SearchAction\",\"target\":{\"@type\":\"EntryPoint\",\"urlTemplate\":\"https:\/\/www.magnetika.es\/blog\/?s={search_term_string}\"},\"query-input\":{\"@type\":\"PropertyValueSpecification\",\"valueRequired\":true,\"valueName\":\"search_term_string\"}}],\"inLanguage\":\"es\"},{\"@type\":\"Organization\",\"@id\":\"https:\/\/www.magnetika.es\/blog\/#organization\",\"name\":\"magnetika visuals\",\"url\":\"https:\/\/www.magnetika.es\/blog\/\",\"logo\":{\"@type\":\"ImageObject\",\"inLanguage\":\"es\",\"@id\":\"https:\/\/www.magnetika.es\/blog\/#\/schema\/logo\/image\/\",\"url\":\"https:\/\/www.magnetika.es\/blog\/wp-content\/uploads\/2021\/09\/LOGO-magnetika-RGB-600-border.jpg\",\"contentUrl\":\"https:\/\/www.magnetika.es\/blog\/wp-content\/uploads\/2021\/09\/LOGO-magnetika-RGB-600-border.jpg\",\"width\":600,\"height\":151,\"caption\":\"magnetika visuals\"},\"image\":{\"@id\":\"https:\/\/www.magnetika.es\/blog\/#\/schema\/logo\/image\/\"},\"sameAs\":[\"https:\/\/www.facebook.com\/damagnetika\/\",\"https:\/\/www.instagram.com\/magnetika_visuals\/\"]},{\"@type\":\"Person\",\"@id\":\"https:\/\/www.magnetika.es\/blog\/#\/schema\/person\/99dc68657bc6ea5306a0130b4ae0b74e\",\"name\":\"NWP-21admin\",\"image\":{\"@type\":\"ImageObject\",\"inLanguage\":\"es\",\"@id\":\"https:\/\/www.magnetika.es\/blog\/#\/schema\/person\/image\/\",\"url\":\"https:\/\/secure.gravatar.com\/avatar\/9ac02f33d1f1c4bc9b262be13460df26e28ad7146e1853541c4dbef651ddd6c9?s=96&d=mm&r=g\",\"contentUrl\":\"https:\/\/secure.gravatar.com\/avatar\/9ac02f33d1f1c4bc9b262be13460df26e28ad7146e1853541c4dbef651ddd6c9?s=96&d=mm&r=g\",\"caption\":\"NWP-21admin\"},\"sameAs\":[\"https:\/\/comp15plus.cyberneticos.com\/~magnetik\/blog\"]}]}<\/script>\n<!-- \/ Yoast SEO plugin. -->","yoast_head_json":{"title":"- magn\u00e9tika visuals","description":"visual art, mappings\/micromappings, dinamic mapping projections,permanent installations, sound design, documentaries","robots":{"index":"index","follow":"follow","max-snippet":"max-snippet:-1","max-image-preview":"max-image-preview:large","max-video-preview":"max-video-preview:-1"},"canonical":"https:\/\/www.magnetika.es\/blog\/lluis-calvo-fites-del-xxi-festival-de-poesia-de-la-mediterrania\/","og_locale":"es_ES","og_type":"article","og_title":"- magn\u00e9tika visuals","og_description":"visual art, mappings\/micromappings, dinamic mapping projections,permanent installations, sound design, documentaries","og_url":"https:\/\/www.magnetika.es\/blog\/lluis-calvo-fites-del-xxi-festival-de-poesia-de-la-mediterrania\/","og_site_name":"magn\u00e9tika visuals","article_publisher":"https:\/\/www.facebook.com\/damagnetika\/","article_published_time":"2020-05-14T05:07:21+00:00","article_modified_time":"2021-09-20T14:44:32+00:00","og_image":[{"width":230,"height":330,"url":"https:\/\/www.magnetika.es\/blog\/wp-content\/uploads\/2020\/05\/LLUIS-CALVO-portada-magnetika_es.png","type":"image\/png"}],"author":"NWP-21admin","twitter_card":"summary_large_image","schema":{"@context":"https:\/\/schema.org","@graph":[{"@type":"Article","@id":"https:\/\/www.magnetika.es\/blog\/lluis-calvo-fites-del-xxi-festival-de-poesia-de-la-mediterrania\/#article","isPartOf":{"@id":"https:\/\/www.magnetika.es\/blog\/lluis-calvo-fites-del-xxi-festival-de-poesia-de-la-mediterrania\/"},"author":{"name":"NWP-21admin","@id":"https:\/\/www.magnetika.es\/blog\/#\/schema\/person\/99dc68657bc6ea5306a0130b4ae0b74e"},"headline":"Llu\u00eds Calvo &#8211; Fites del XXI Festival de Poesia de la Mediterr\u00e0nia","datePublished":"2020-05-14T05:07:21+00:00","dateModified":"2021-09-20T14:44:32+00:00","mainEntityOfPage":{"@id":"https:\/\/www.magnetika.es\/blog\/lluis-calvo-fites-del-xxi-festival-de-poesia-de-la-mediterrania\/"},"wordCount":534,"publisher":{"@id":"https:\/\/www.magnetika.es\/blog\/#organization"},"image":{"@id":"https:\/\/www.magnetika.es\/blog\/lluis-calvo-fites-del-xxi-festival-de-poesia-de-la-mediterrania\/#primaryimage"},"thumbnailUrl":"https:\/\/www.magnetika.es\/blog\/wp-content\/uploads\/2020\/05\/LLUIS-CALVO-portada-magnetika_es.png","keywords":["Biel Mesquida","Festival de Poesia de la Mediterr\u00e0nia","Llu\u00eds Calvo"],"articleSection":["Poesia de la Mediterr\u00e0nia"],"inLanguage":"es"},{"@type":["WebPage","ItemPage"],"@id":"https:\/\/www.magnetika.es\/blog\/lluis-calvo-fites-del-xxi-festival-de-poesia-de-la-mediterrania\/","url":"https:\/\/www.magnetika.es\/blog\/lluis-calvo-fites-del-xxi-festival-de-poesia-de-la-mediterrania\/","name":"- magn\u00e9tika visuals","isPartOf":{"@id":"https:\/\/www.magnetika.es\/blog\/#website"},"primaryImageOfPage":{"@id":"https:\/\/www.magnetika.es\/blog\/lluis-calvo-fites-del-xxi-festival-de-poesia-de-la-mediterrania\/#primaryimage"},"image":{"@id":"https:\/\/www.magnetika.es\/blog\/lluis-calvo-fites-del-xxi-festival-de-poesia-de-la-mediterrania\/#primaryimage"},"thumbnailUrl":"https:\/\/www.magnetika.es\/blog\/wp-content\/uploads\/2020\/05\/LLUIS-CALVO-portada-magnetika_es.png","datePublished":"2020-05-14T05:07:21+00:00","dateModified":"2021-09-20T14:44:32+00:00","description":"visual art, mappings\/micromappings, dinamic mapping projections,permanent installations, sound design, documentaries","breadcrumb":{"@id":"https:\/\/www.magnetika.es\/blog\/lluis-calvo-fites-del-xxi-festival-de-poesia-de-la-mediterrania\/#breadcrumb"},"inLanguage":"es","potentialAction":[{"@type":"ReadAction","target":["https:\/\/www.magnetika.es\/blog\/lluis-calvo-fites-del-xxi-festival-de-poesia-de-la-mediterrania\/"]}]},{"@type":"ImageObject","inLanguage":"es","@id":"https:\/\/www.magnetika.es\/blog\/lluis-calvo-fites-del-xxi-festival-de-poesia-de-la-mediterrania\/#primaryimage","url":"https:\/\/www.magnetika.es\/blog\/wp-content\/uploads\/2020\/05\/LLUIS-CALVO-portada-magnetika_es.png","contentUrl":"https:\/\/www.magnetika.es\/blog\/wp-content\/uploads\/2020\/05\/LLUIS-CALVO-portada-magnetika_es.png","width":230,"height":330,"caption":""},{"@type":"BreadcrumbList","@id":"https:\/\/www.magnetika.es\/blog\/lluis-calvo-fites-del-xxi-festival-de-poesia-de-la-mediterrania\/#breadcrumb","itemListElement":[{"@type":"ListItem","position":1,"name":"magn\u00e9tika visulas","item":"https:\/\/www.magnetika.es\/blog\/"},{"@type":"ListItem","position":2,"name":"Llu\u00eds Calvo &#8211; Fites del XXI Festival de Poesia de la Mediterr\u00e0nia"}]},{"@type":"WebSite","@id":"https:\/\/www.magnetika.es\/blog\/#website","url":"https:\/\/www.magnetika.es\/blog\/","name":"magn\u00e9tika visuals","description":"video mapping, micromappings, visual works, visual art, dinamic mapping proyections","publisher":{"@id":"https:\/\/www.magnetika.es\/blog\/#organization"},"potentialAction":[{"@type":"SearchAction","target":{"@type":"EntryPoint","urlTemplate":"https:\/\/www.magnetika.es\/blog\/?s={search_term_string}"},"query-input":{"@type":"PropertyValueSpecification","valueRequired":true,"valueName":"search_term_string"}}],"inLanguage":"es"},{"@type":"Organization","@id":"https:\/\/www.magnetika.es\/blog\/#organization","name":"magnetika visuals","url":"https:\/\/www.magnetika.es\/blog\/","logo":{"@type":"ImageObject","inLanguage":"es","@id":"https:\/\/www.magnetika.es\/blog\/#\/schema\/logo\/image\/","url":"https:\/\/www.magnetika.es\/blog\/wp-content\/uploads\/2021\/09\/LOGO-magnetika-RGB-600-border.jpg","contentUrl":"https:\/\/www.magnetika.es\/blog\/wp-content\/uploads\/2021\/09\/LOGO-magnetika-RGB-600-border.jpg","width":600,"height":151,"caption":"magnetika visuals"},"image":{"@id":"https:\/\/www.magnetika.es\/blog\/#\/schema\/logo\/image\/"},"sameAs":["https:\/\/www.facebook.com\/damagnetika\/","https:\/\/www.instagram.com\/magnetika_visuals\/"]},{"@type":"Person","@id":"https:\/\/www.magnetika.es\/blog\/#\/schema\/person\/99dc68657bc6ea5306a0130b4ae0b74e","name":"NWP-21admin","image":{"@type":"ImageObject","inLanguage":"es","@id":"https:\/\/www.magnetika.es\/blog\/#\/schema\/person\/image\/","url":"https:\/\/secure.gravatar.com\/avatar\/9ac02f33d1f1c4bc9b262be13460df26e28ad7146e1853541c4dbef651ddd6c9?s=96&d=mm&r=g","contentUrl":"https:\/\/secure.gravatar.com\/avatar\/9ac02f33d1f1c4bc9b262be13460df26e28ad7146e1853541c4dbef651ddd6c9?s=96&d=mm&r=g","caption":"NWP-21admin"},"sameAs":["https:\/\/comp15plus.cyberneticos.com\/~magnetik\/blog"]}]}},"_links":{"self":[{"href":"https:\/\/www.magnetika.es\/blog\/wp-json\/wp\/v2\/posts\/687","targetHints":{"allow":["GET"]}}],"collection":[{"href":"https:\/\/www.magnetika.es\/blog\/wp-json\/wp\/v2\/posts"}],"about":[{"href":"https:\/\/www.magnetika.es\/blog\/wp-json\/wp\/v2\/types\/post"}],"author":[{"embeddable":true,"href":"https:\/\/www.magnetika.es\/blog\/wp-json\/wp\/v2\/users\/1"}],"replies":[{"embeddable":true,"href":"https:\/\/www.magnetika.es\/blog\/wp-json\/wp\/v2\/comments?post=687"}],"version-history":[{"count":1,"href":"https:\/\/www.magnetika.es\/blog\/wp-json\/wp\/v2\/posts\/687\/revisions"}],"predecessor-version":[{"id":987,"href":"https:\/\/www.magnetika.es\/blog\/wp-json\/wp\/v2\/posts\/687\/revisions\/987"}],"wp:featuredmedia":[{"embeddable":true,"href":"https:\/\/www.magnetika.es\/blog\/wp-json\/wp\/v2\/media\/676"}],"wp:attachment":[{"href":"https:\/\/www.magnetika.es\/blog\/wp-json\/wp\/v2\/media?parent=687"}],"wp:term":[{"taxonomy":"category","embeddable":true,"href":"https:\/\/www.magnetika.es\/blog\/wp-json\/wp\/v2\/categories?post=687"},{"taxonomy":"post_tag","embeddable":true,"href":"https:\/\/www.magnetika.es\/blog\/wp-json\/wp\/v2\/tags?post=687"}],"curies":[{"name":"wp","href":"https:\/\/api.w.org\/{rel}","templated":true}]}}