{"id":682,"date":"2020-05-14T04:54:14","date_gmt":"2020-05-14T04:54:14","guid":{"rendered":"http:\/\/www.magnetika.es\/blog\/?p=682"},"modified":"2021-09-20T14:44:32","modified_gmt":"2021-09-20T14:44:32","slug":"lebogang-mashile-fites-del-xxi-festival-de-poesia-de-la-mediterrania","status":"publish","type":"post","link":"https:\/\/www.magnetika.es\/blog\/lebogang-mashile-fites-del-xxi-festival-de-poesia-de-la-mediterrania\/","title":{"rendered":"Lebogang Mashile &#8211; Fites del XXI Festival de Poesia de la Mediterr\u00e0nia"},"content":{"rendered":"\n\t\t\t\t\n<p>Lebogang Mashile (Estats Units, 1979).<\/p>\n\n\n\n<p> Poeta, actriu, cantant, <em>performer<\/em> i activista cultural i humanista. \u00c9s una dona que des dels 16 anys viu a Sud-\u00e0frica, d\u2019on els seus pares s\u2019havien exiliat per mor de l\u2019apartheid. Amb tres amigues forma el grup po\u00e8tic Feela Sistah! Spoken Word Collective, que r\u00e0pidament va aconseguir una gran popularitat. El 2004 fa el seu debut a la pel\u00b7l\u00edcula, nominada a l\u2019Oscar, <em>Hotel Rwanda<\/em>.<\/p>\n\n\n\n<p>Amb la core\u00f2grafa\nSylvia Glasser escriu i protagonitza <em>Threads<\/em> (2004), amb la companyia\nMoving Into Dance Mophatong, que fusiona poesia, m\u00fasica i dansa i aborda temes dif\u00edcils\nque afecten la societat, com ara l\u2019homof\u00f2bia, l\u2019afrof\u00f2bia i la viol\u00e8ncia\ndom\u00e8stica, malures contra les quals lluita amb la paraula, el ball i la m\u00fasica\nen una revolta l\u00edrica extraordin\u00e0ria. Va enregistrar un disc d\u2019actuaci\u00f3 en\ndirecte en qu\u00e8 incorpora m\u00fasica i poesia, <em>Lebo Mashile Live!<\/em><\/p>\n\n\n\n<p>El 2005 publica el\nseu primer llibre de poemes, <em>In a Ribbon of Rhythm<\/em>, pel qual va rebre el\npremi NOMA, un dels m\u00e9s importants de la literatura sud-africana. Els seus\npoemes, que parlen de la vida a la nova Sud-\u00e0frica, l\u2019estat d\u2019explotaci\u00f3 de la\ndona, el patriarcalisme de l\u2019home, la diversitat, la viol\u00e8ncia i la fragilitat\ndels individus, s\u00f3n tractats amb urg\u00e8ncia, humor i esperit de combat amb quelcom\nde malenconia. El jurat va dir que la seva poesia tenia \u201cun sabor oral distint,\nque desenvolupa poesia i interpretaci\u00f3 m\u00e9s enll\u00e0 dels l\u00edmits de la poesia de l\u2019\u00e8poca\nde la resist\u00e8ncia.\u201d<\/p>\n\n\n\n<p>El 2011, la revista <em>New\nAfrican<\/em> consider\u00e0 Mashile una de les 100 millors africanes. El 2012 va\nguanyar el premi Art Ambassador en els premis Mbokodo.<\/p>\n\n\n\n<p>Mashile\nconsidera que el seu poder expressiu \u00e9s l\u2019eina m\u00e9s efica\u00e7 per provocar aquells\ncanvis d\u2019actitud mental que es necessiten despr\u00e9s dels canvis sociopol\u00edtics a\nla Sud-\u00e0frica postapartheid. \u201cL\u2019enemic no \u00e9s realment clar, com era abans. Es\ntracta d\u2019una lluita incre\u00efblement sensible i complicada de moltes dimensions,\nper\u00f2 el lloc d\u2019aquesta lluita \u00e9s a dins&#8230; El llenguatge de la poesia prov\u00e9 d\u2019un\nlloc on ha de comen\u00e7ar aquesta transformaci\u00f3, un lloc de cerca intu\u00eftiva,\ncreativa i espiritual que ser\u00e0 el combustible de qualsevol mena de proc\u00e9s de\ntransformaci\u00f3.\u201d<\/p>\n\n\n\n<p>El febrer de 2018 va\ndebutar amb una pe\u00e7a teatral sobre Saartjie Baartman, una dona africana\nexhibida com a espectacle a Europa al segle XIX.<\/p>\n\n\n\n<p>Els seus poemes han\nquedat recollits en el llibre <em>Flying Above the Sky <\/em>(2008) i en l\u2019\u00e0lbum <em>Moya<\/em>\n(2016), editat en col\u00b7laboraci\u00f3 amb el cantant i compositor Majola.<\/p>\n\n\n\n<p>Biel Mesquida. Director del XXI Festival de Poesia de la Mediterr\u00e0nia.<\/p>\n\n\n\n<figure><iframe loading=\"lazy\" src=\"https:\/\/player.vimeo.com\/video\/402975858\" allowfullscreen=\"\" width=\"640\" height=\"360\"><\/iframe><\/figure>\n\t\t","protected":false},"excerpt":{"rendered":"<p>Lebogang Mashile (Estats Units, 1979). Poeta, actriu, cantant, performer i activista cultural i humanista. \u00c9s una dona que des dels 16 anys viu a Sud-\u00e0frica, d\u2019on els seus pares s\u2019havien exiliat per mor de l\u2019apartheid. Amb tres amigues forma el grup po\u00e8tic Feela Sistah! Spoken Word Collective, que r\u00e0pidament va aconseguir una gran popularitat. El [&hellip;]<\/p>\n","protected":false},"author":1,"featured_media":675,"comment_status":"closed","ping_status":"closed","sticky":false,"template":"","format":"standard","meta":{"footnotes":""},"categories":[3],"tags":[22,51,68],"class_list":["post-682","post","type-post","status-publish","format-standard","has-post-thumbnail","hentry","category-festival-de-poesia-de-la-mediterrania","tag-biel-mesquida","tag-festival-de-poesia-de-la-mediterrania","tag-lebogang-mashile"],"yoast_head":"<!-- This site is optimized with the Yoast SEO plugin v26.1.1 - https:\/\/yoast.com\/wordpress\/plugins\/seo\/ -->\n<title>- magn\u00e9tika visuals<\/title>\n<meta name=\"description\" content=\"visual art, mappings\/micromappings, dinamic mapping projections,permanent installations, sound design, documentaries\" \/>\n<meta name=\"robots\" content=\"index, follow, max-snippet:-1, max-image-preview:large, max-video-preview:-1\" \/>\n<link rel=\"canonical\" href=\"https:\/\/www.magnetika.es\/blog\/lebogang-mashile-fites-del-xxi-festival-de-poesia-de-la-mediterrania\/\" \/>\n<meta property=\"og:locale\" content=\"es_ES\" \/>\n<meta property=\"og:type\" content=\"article\" \/>\n<meta property=\"og:title\" content=\"- magn\u00e9tika visuals\" \/>\n<meta property=\"og:description\" content=\"visual art, mappings\/micromappings, dinamic mapping projections,permanent installations, sound design, documentaries\" \/>\n<meta property=\"og:url\" content=\"https:\/\/www.magnetika.es\/blog\/lebogang-mashile-fites-del-xxi-festival-de-poesia-de-la-mediterrania\/\" \/>\n<meta property=\"og:site_name\" content=\"magn\u00e9tika visuals\" \/>\n<meta property=\"article:publisher\" content=\"https:\/\/www.facebook.com\/damagnetika\/\" \/>\n<meta property=\"article:published_time\" content=\"2020-05-14T04:54:14+00:00\" \/>\n<meta property=\"article:modified_time\" content=\"2021-09-20T14:44:32+00:00\" \/>\n<meta property=\"og:image\" content=\"https:\/\/www.magnetika.es\/blog\/wp-content\/uploads\/2020\/05\/LEBOGANG-portada-magnetika_es.png\" \/>\n\t<meta property=\"og:image:width\" content=\"230\" \/>\n\t<meta property=\"og:image:height\" content=\"330\" \/>\n\t<meta property=\"og:image:type\" content=\"image\/png\" \/>\n<meta name=\"author\" content=\"NWP-21admin\" \/>\n<meta name=\"twitter:card\" content=\"summary_large_image\" \/>\n<script type=\"application\/ld+json\" class=\"yoast-schema-graph\">{\"@context\":\"https:\/\/schema.org\",\"@graph\":[{\"@type\":\"Article\",\"@id\":\"https:\/\/www.magnetika.es\/blog\/lebogang-mashile-fites-del-xxi-festival-de-poesia-de-la-mediterrania\/#article\",\"isPartOf\":{\"@id\":\"https:\/\/www.magnetika.es\/blog\/lebogang-mashile-fites-del-xxi-festival-de-poesia-de-la-mediterrania\/\"},\"author\":{\"name\":\"NWP-21admin\",\"@id\":\"https:\/\/www.magnetika.es\/blog\/#\/schema\/person\/99dc68657bc6ea5306a0130b4ae0b74e\"},\"headline\":\"Lebogang Mashile &#8211; Fites del XXI Festival de Poesia de la Mediterr\u00e0nia\",\"datePublished\":\"2020-05-14T04:54:14+00:00\",\"dateModified\":\"2021-09-20T14:44:32+00:00\",\"mainEntityOfPage\":{\"@id\":\"https:\/\/www.magnetika.es\/blog\/lebogang-mashile-fites-del-xxi-festival-de-poesia-de-la-mediterrania\/\"},\"wordCount\":476,\"publisher\":{\"@id\":\"https:\/\/www.magnetika.es\/blog\/#organization\"},\"image\":{\"@id\":\"https:\/\/www.magnetika.es\/blog\/lebogang-mashile-fites-del-xxi-festival-de-poesia-de-la-mediterrania\/#primaryimage\"},\"thumbnailUrl\":\"https:\/\/www.magnetika.es\/blog\/wp-content\/uploads\/2020\/05\/LEBOGANG-portada-magnetika_es.png\",\"keywords\":[\"Biel Mesquida\",\"Festival de Poesia de la Mediterr\u00e0nia\",\"Lebogang mashile\"],\"articleSection\":[\"Poesia de la Mediterr\u00e0nia\"],\"inLanguage\":\"es\"},{\"@type\":[\"WebPage\",\"ItemPage\"],\"@id\":\"https:\/\/www.magnetika.es\/blog\/lebogang-mashile-fites-del-xxi-festival-de-poesia-de-la-mediterrania\/\",\"url\":\"https:\/\/www.magnetika.es\/blog\/lebogang-mashile-fites-del-xxi-festival-de-poesia-de-la-mediterrania\/\",\"name\":\"- magn\u00e9tika visuals\",\"isPartOf\":{\"@id\":\"https:\/\/www.magnetika.es\/blog\/#website\"},\"primaryImageOfPage\":{\"@id\":\"https:\/\/www.magnetika.es\/blog\/lebogang-mashile-fites-del-xxi-festival-de-poesia-de-la-mediterrania\/#primaryimage\"},\"image\":{\"@id\":\"https:\/\/www.magnetika.es\/blog\/lebogang-mashile-fites-del-xxi-festival-de-poesia-de-la-mediterrania\/#primaryimage\"},\"thumbnailUrl\":\"https:\/\/www.magnetika.es\/blog\/wp-content\/uploads\/2020\/05\/LEBOGANG-portada-magnetika_es.png\",\"datePublished\":\"2020-05-14T04:54:14+00:00\",\"dateModified\":\"2021-09-20T14:44:32+00:00\",\"description\":\"visual art, mappings\/micromappings, dinamic mapping projections,permanent installations, sound design, documentaries\",\"breadcrumb\":{\"@id\":\"https:\/\/www.magnetika.es\/blog\/lebogang-mashile-fites-del-xxi-festival-de-poesia-de-la-mediterrania\/#breadcrumb\"},\"inLanguage\":\"es\",\"potentialAction\":[{\"@type\":\"ReadAction\",\"target\":[\"https:\/\/www.magnetika.es\/blog\/lebogang-mashile-fites-del-xxi-festival-de-poesia-de-la-mediterrania\/\"]}]},{\"@type\":\"ImageObject\",\"inLanguage\":\"es\",\"@id\":\"https:\/\/www.magnetika.es\/blog\/lebogang-mashile-fites-del-xxi-festival-de-poesia-de-la-mediterrania\/#primaryimage\",\"url\":\"https:\/\/www.magnetika.es\/blog\/wp-content\/uploads\/2020\/05\/LEBOGANG-portada-magnetika_es.png\",\"contentUrl\":\"https:\/\/www.magnetika.es\/blog\/wp-content\/uploads\/2020\/05\/LEBOGANG-portada-magnetika_es.png\",\"width\":230,\"height\":330,\"caption\":\"\"},{\"@type\":\"BreadcrumbList\",\"@id\":\"https:\/\/www.magnetika.es\/blog\/lebogang-mashile-fites-del-xxi-festival-de-poesia-de-la-mediterrania\/#breadcrumb\",\"itemListElement\":[{\"@type\":\"ListItem\",\"position\":1,\"name\":\"magn\u00e9tika visulas\",\"item\":\"https:\/\/www.magnetika.es\/blog\/\"},{\"@type\":\"ListItem\",\"position\":2,\"name\":\"Lebogang Mashile &#8211; Fites del XXI Festival de Poesia de la Mediterr\u00e0nia\"}]},{\"@type\":\"WebSite\",\"@id\":\"https:\/\/www.magnetika.es\/blog\/#website\",\"url\":\"https:\/\/www.magnetika.es\/blog\/\",\"name\":\"magn\u00e9tika visuals\",\"description\":\"video mapping, micromappings, visual works, visual art, dinamic mapping proyections\",\"publisher\":{\"@id\":\"https:\/\/www.magnetika.es\/blog\/#organization\"},\"potentialAction\":[{\"@type\":\"SearchAction\",\"target\":{\"@type\":\"EntryPoint\",\"urlTemplate\":\"https:\/\/www.magnetika.es\/blog\/?s={search_term_string}\"},\"query-input\":{\"@type\":\"PropertyValueSpecification\",\"valueRequired\":true,\"valueName\":\"search_term_string\"}}],\"inLanguage\":\"es\"},{\"@type\":\"Organization\",\"@id\":\"https:\/\/www.magnetika.es\/blog\/#organization\",\"name\":\"magnetika visuals\",\"url\":\"https:\/\/www.magnetika.es\/blog\/\",\"logo\":{\"@type\":\"ImageObject\",\"inLanguage\":\"es\",\"@id\":\"https:\/\/www.magnetika.es\/blog\/#\/schema\/logo\/image\/\",\"url\":\"https:\/\/www.magnetika.es\/blog\/wp-content\/uploads\/2021\/09\/LOGO-magnetika-RGB-600-border.jpg\",\"contentUrl\":\"https:\/\/www.magnetika.es\/blog\/wp-content\/uploads\/2021\/09\/LOGO-magnetika-RGB-600-border.jpg\",\"width\":600,\"height\":151,\"caption\":\"magnetika visuals\"},\"image\":{\"@id\":\"https:\/\/www.magnetika.es\/blog\/#\/schema\/logo\/image\/\"},\"sameAs\":[\"https:\/\/www.facebook.com\/damagnetika\/\",\"https:\/\/www.instagram.com\/magnetika_visuals\/\"]},{\"@type\":\"Person\",\"@id\":\"https:\/\/www.magnetika.es\/blog\/#\/schema\/person\/99dc68657bc6ea5306a0130b4ae0b74e\",\"name\":\"NWP-21admin\",\"image\":{\"@type\":\"ImageObject\",\"inLanguage\":\"es\",\"@id\":\"https:\/\/www.magnetika.es\/blog\/#\/schema\/person\/image\/\",\"url\":\"https:\/\/secure.gravatar.com\/avatar\/9ac02f33d1f1c4bc9b262be13460df26e28ad7146e1853541c4dbef651ddd6c9?s=96&d=mm&r=g\",\"contentUrl\":\"https:\/\/secure.gravatar.com\/avatar\/9ac02f33d1f1c4bc9b262be13460df26e28ad7146e1853541c4dbef651ddd6c9?s=96&d=mm&r=g\",\"caption\":\"NWP-21admin\"},\"sameAs\":[\"https:\/\/comp15plus.cyberneticos.com\/~magnetik\/blog\"]}]}<\/script>\n<!-- \/ Yoast SEO plugin. -->","yoast_head_json":{"title":"- magn\u00e9tika visuals","description":"visual art, mappings\/micromappings, dinamic mapping projections,permanent installations, sound design, documentaries","robots":{"index":"index","follow":"follow","max-snippet":"max-snippet:-1","max-image-preview":"max-image-preview:large","max-video-preview":"max-video-preview:-1"},"canonical":"https:\/\/www.magnetika.es\/blog\/lebogang-mashile-fites-del-xxi-festival-de-poesia-de-la-mediterrania\/","og_locale":"es_ES","og_type":"article","og_title":"- magn\u00e9tika visuals","og_description":"visual art, mappings\/micromappings, dinamic mapping projections,permanent installations, sound design, documentaries","og_url":"https:\/\/www.magnetika.es\/blog\/lebogang-mashile-fites-del-xxi-festival-de-poesia-de-la-mediterrania\/","og_site_name":"magn\u00e9tika visuals","article_publisher":"https:\/\/www.facebook.com\/damagnetika\/","article_published_time":"2020-05-14T04:54:14+00:00","article_modified_time":"2021-09-20T14:44:32+00:00","og_image":[{"width":230,"height":330,"url":"https:\/\/www.magnetika.es\/blog\/wp-content\/uploads\/2020\/05\/LEBOGANG-portada-magnetika_es.png","type":"image\/png"}],"author":"NWP-21admin","twitter_card":"summary_large_image","schema":{"@context":"https:\/\/schema.org","@graph":[{"@type":"Article","@id":"https:\/\/www.magnetika.es\/blog\/lebogang-mashile-fites-del-xxi-festival-de-poesia-de-la-mediterrania\/#article","isPartOf":{"@id":"https:\/\/www.magnetika.es\/blog\/lebogang-mashile-fites-del-xxi-festival-de-poesia-de-la-mediterrania\/"},"author":{"name":"NWP-21admin","@id":"https:\/\/www.magnetika.es\/blog\/#\/schema\/person\/99dc68657bc6ea5306a0130b4ae0b74e"},"headline":"Lebogang Mashile &#8211; Fites del XXI Festival de Poesia de la Mediterr\u00e0nia","datePublished":"2020-05-14T04:54:14+00:00","dateModified":"2021-09-20T14:44:32+00:00","mainEntityOfPage":{"@id":"https:\/\/www.magnetika.es\/blog\/lebogang-mashile-fites-del-xxi-festival-de-poesia-de-la-mediterrania\/"},"wordCount":476,"publisher":{"@id":"https:\/\/www.magnetika.es\/blog\/#organization"},"image":{"@id":"https:\/\/www.magnetika.es\/blog\/lebogang-mashile-fites-del-xxi-festival-de-poesia-de-la-mediterrania\/#primaryimage"},"thumbnailUrl":"https:\/\/www.magnetika.es\/blog\/wp-content\/uploads\/2020\/05\/LEBOGANG-portada-magnetika_es.png","keywords":["Biel Mesquida","Festival de Poesia de la Mediterr\u00e0nia","Lebogang mashile"],"articleSection":["Poesia de la Mediterr\u00e0nia"],"inLanguage":"es"},{"@type":["WebPage","ItemPage"],"@id":"https:\/\/www.magnetika.es\/blog\/lebogang-mashile-fites-del-xxi-festival-de-poesia-de-la-mediterrania\/","url":"https:\/\/www.magnetika.es\/blog\/lebogang-mashile-fites-del-xxi-festival-de-poesia-de-la-mediterrania\/","name":"- magn\u00e9tika visuals","isPartOf":{"@id":"https:\/\/www.magnetika.es\/blog\/#website"},"primaryImageOfPage":{"@id":"https:\/\/www.magnetika.es\/blog\/lebogang-mashile-fites-del-xxi-festival-de-poesia-de-la-mediterrania\/#primaryimage"},"image":{"@id":"https:\/\/www.magnetika.es\/blog\/lebogang-mashile-fites-del-xxi-festival-de-poesia-de-la-mediterrania\/#primaryimage"},"thumbnailUrl":"https:\/\/www.magnetika.es\/blog\/wp-content\/uploads\/2020\/05\/LEBOGANG-portada-magnetika_es.png","datePublished":"2020-05-14T04:54:14+00:00","dateModified":"2021-09-20T14:44:32+00:00","description":"visual art, mappings\/micromappings, dinamic mapping projections,permanent installations, sound design, documentaries","breadcrumb":{"@id":"https:\/\/www.magnetika.es\/blog\/lebogang-mashile-fites-del-xxi-festival-de-poesia-de-la-mediterrania\/#breadcrumb"},"inLanguage":"es","potentialAction":[{"@type":"ReadAction","target":["https:\/\/www.magnetika.es\/blog\/lebogang-mashile-fites-del-xxi-festival-de-poesia-de-la-mediterrania\/"]}]},{"@type":"ImageObject","inLanguage":"es","@id":"https:\/\/www.magnetika.es\/blog\/lebogang-mashile-fites-del-xxi-festival-de-poesia-de-la-mediterrania\/#primaryimage","url":"https:\/\/www.magnetika.es\/blog\/wp-content\/uploads\/2020\/05\/LEBOGANG-portada-magnetika_es.png","contentUrl":"https:\/\/www.magnetika.es\/blog\/wp-content\/uploads\/2020\/05\/LEBOGANG-portada-magnetika_es.png","width":230,"height":330,"caption":""},{"@type":"BreadcrumbList","@id":"https:\/\/www.magnetika.es\/blog\/lebogang-mashile-fites-del-xxi-festival-de-poesia-de-la-mediterrania\/#breadcrumb","itemListElement":[{"@type":"ListItem","position":1,"name":"magn\u00e9tika visulas","item":"https:\/\/www.magnetika.es\/blog\/"},{"@type":"ListItem","position":2,"name":"Lebogang Mashile &#8211; Fites del XXI Festival de Poesia de la Mediterr\u00e0nia"}]},{"@type":"WebSite","@id":"https:\/\/www.magnetika.es\/blog\/#website","url":"https:\/\/www.magnetika.es\/blog\/","name":"magn\u00e9tika visuals","description":"video mapping, micromappings, visual works, visual art, dinamic mapping proyections","publisher":{"@id":"https:\/\/www.magnetika.es\/blog\/#organization"},"potentialAction":[{"@type":"SearchAction","target":{"@type":"EntryPoint","urlTemplate":"https:\/\/www.magnetika.es\/blog\/?s={search_term_string}"},"query-input":{"@type":"PropertyValueSpecification","valueRequired":true,"valueName":"search_term_string"}}],"inLanguage":"es"},{"@type":"Organization","@id":"https:\/\/www.magnetika.es\/blog\/#organization","name":"magnetika visuals","url":"https:\/\/www.magnetika.es\/blog\/","logo":{"@type":"ImageObject","inLanguage":"es","@id":"https:\/\/www.magnetika.es\/blog\/#\/schema\/logo\/image\/","url":"https:\/\/www.magnetika.es\/blog\/wp-content\/uploads\/2021\/09\/LOGO-magnetika-RGB-600-border.jpg","contentUrl":"https:\/\/www.magnetika.es\/blog\/wp-content\/uploads\/2021\/09\/LOGO-magnetika-RGB-600-border.jpg","width":600,"height":151,"caption":"magnetika visuals"},"image":{"@id":"https:\/\/www.magnetika.es\/blog\/#\/schema\/logo\/image\/"},"sameAs":["https:\/\/www.facebook.com\/damagnetika\/","https:\/\/www.instagram.com\/magnetika_visuals\/"]},{"@type":"Person","@id":"https:\/\/www.magnetika.es\/blog\/#\/schema\/person\/99dc68657bc6ea5306a0130b4ae0b74e","name":"NWP-21admin","image":{"@type":"ImageObject","inLanguage":"es","@id":"https:\/\/www.magnetika.es\/blog\/#\/schema\/person\/image\/","url":"https:\/\/secure.gravatar.com\/avatar\/9ac02f33d1f1c4bc9b262be13460df26e28ad7146e1853541c4dbef651ddd6c9?s=96&d=mm&r=g","contentUrl":"https:\/\/secure.gravatar.com\/avatar\/9ac02f33d1f1c4bc9b262be13460df26e28ad7146e1853541c4dbef651ddd6c9?s=96&d=mm&r=g","caption":"NWP-21admin"},"sameAs":["https:\/\/comp15plus.cyberneticos.com\/~magnetik\/blog"]}]}},"_links":{"self":[{"href":"https:\/\/www.magnetika.es\/blog\/wp-json\/wp\/v2\/posts\/682","targetHints":{"allow":["GET"]}}],"collection":[{"href":"https:\/\/www.magnetika.es\/blog\/wp-json\/wp\/v2\/posts"}],"about":[{"href":"https:\/\/www.magnetika.es\/blog\/wp-json\/wp\/v2\/types\/post"}],"author":[{"embeddable":true,"href":"https:\/\/www.magnetika.es\/blog\/wp-json\/wp\/v2\/users\/1"}],"replies":[{"embeddable":true,"href":"https:\/\/www.magnetika.es\/blog\/wp-json\/wp\/v2\/comments?post=682"}],"version-history":[{"count":1,"href":"https:\/\/www.magnetika.es\/blog\/wp-json\/wp\/v2\/posts\/682\/revisions"}],"predecessor-version":[{"id":988,"href":"https:\/\/www.magnetika.es\/blog\/wp-json\/wp\/v2\/posts\/682\/revisions\/988"}],"wp:featuredmedia":[{"embeddable":true,"href":"https:\/\/www.magnetika.es\/blog\/wp-json\/wp\/v2\/media\/675"}],"wp:attachment":[{"href":"https:\/\/www.magnetika.es\/blog\/wp-json\/wp\/v2\/media?parent=682"}],"wp:term":[{"taxonomy":"category","embeddable":true,"href":"https:\/\/www.magnetika.es\/blog\/wp-json\/wp\/v2\/categories?post=682"},{"taxonomy":"post_tag","embeddable":true,"href":"https:\/\/www.magnetika.es\/blog\/wp-json\/wp\/v2\/tags?post=682"}],"curies":[{"name":"wp","href":"https:\/\/api.w.org\/{rel}","templated":true}]}}