{"id":671,"date":"2020-05-10T09:15:35","date_gmt":"2020-05-10T09:15:35","guid":{"rendered":"http:\/\/www.magnetika.es\/blog\/?p=671"},"modified":"2021-09-20T14:44:33","modified_gmt":"2021-09-20T14:44:33","slug":"anna-gas-fites-del-xxi-festival-de-poesia-de-la-mediterrania","status":"publish","type":"post","link":"https:\/\/www.magnetika.es\/blog\/anna-gas-fites-del-xxi-festival-de-poesia-de-la-mediterrania\/","title":{"rendered":"\ufeffAnna Gas &#8211; Fites del XXI Festival de Poesia de la Mediterr\u00e0nia"},"content":{"rendered":"\n\t\t\t\t\n<p>ANNA GAS SERRA (Barcelona, 1996). <\/p>\n\n\n\n<p>La conversa amb un amic poeta, la curiositat, primer, i despr\u00e9s el gust de la lectura dels seus poemes de <em>Crossa d\u2019aigua<\/em> i de <em>Llengua d\u2019\u00e0ntrax<\/em> varen fer que convid\u00e0s l\u2019Anna a participar al XXI Festival de Poesia de la Mediterr\u00e0nia. Descobria en els seus versos una veu tendrella, provocadora, hiperest\u00e8sica, plena de replecs i de savieses noves de trinca que desprenien els perfums cl\u00e0ssics de l\u2019amor i de la revolta. La jovenesa generosa d\u2019una dona que inventava m\u00fasiques pampalluguejadores que no havia sentit mai.<\/p>\n\n\n\n<p>Ella t\u00e9 ben clar el seu medi vital. Anna diu: \u201cHe crescut al barri del\nCongr\u00e9s de Barcelona, allunyada de l\u2019aglomeraci\u00f3\u0301 transit\u00f2ria del centre. Abans\nd\u2019apropar-m\u2019hi, vaig descobrir els camps de blat de moro i l\u2019olor de fems de\nCastellser\u00e0, on s\u2019arrelen els records m\u00e9s v\u00edvids de la meva infantesa. Crec\nque les respostes, o les preguntes vision\u00e0ries, es troben en els racons m\u00e9s\nmarginals. La meva atracci\u00f3\u0301 per all\u00f2\u0300 estrany i perill\u00f3s, desviat de la norma,\nsovint em permet l\u2019acc\u00e9s a espais i temps singulars, minoritaris, on se m\u2019enc\u00e9n\na l\u2019est\u00f3mac una llum vermella que em requereix asseure\u2019m a escriure. Quan faig\nversos, oscil\u00b7lo entre l\u2019hemorr\u00e0gia, els forats i la runa, i la cerca de\nl\u2019estructura perfecta que em reveli alguna cosa com si fos la primera vegada.\u201d<\/p>\n\n\n\n<p>El seu primer llibre, <em>Crossa d\u2019aigua<\/em>, de 2017, fou reconegut amb\nel Premi Joan Duch. El prologuista, Abraham Mohino, la retratava aix\u00ed: \u201cTensa\nen les formes, severa en el contingut. Elabora vers a vers una an\u00e0lisi\nentomol\u00f2gica de la passi\u00f3, d\u2019unes relacions en qu\u00e8 mana la desproporci\u00f3, la\nmancan\u00e7a o la mutilaci\u00f3, les quals acaben abocant a la ret\u00f2rica de la separaci\u00f3\ni del silenci.\u201d<\/p>\n\n\n\n<p>El seu segon llibre, <em>Llengua d\u2019\u00e0ntrax<\/em>, de 2019, el vaig epilogar\ni hi comentava: \u201cHi ha el cos que mostra l\u2019\u00e0nima. Hi ha la llum que et rep des\nd\u2019un bell principi amb una capada de confian\u00e7a. Hi ha la terra i la pedra entre\nels cossos. Hi ha la m\u00fasica que cerquen els mots per dir i desdir la faula. Hi\nha el tremolor de les cal\u00b7ligrafies enfonsades entre nervis i sang. Hi ha la\nfesta i l\u2019ofec, la fortor de les coses marcescents, l\u2019afany senzill de la\ntendresa. Hi ha el crits desafinats que amaguen m\u00e9s que mostren. Hi ha la\ncalidesa d\u2019una m\u00e0 que tix.\u201d<\/p>\n\n\n\n<p>Vaig tenir una alegria de no dir quan un prestigi\u00f3s jurat de poetes li\nconced\u00ed, el passat mar\u00e7 de 2020, el premi Josep Maria Llompart, un dels premis\nCavall Verd de l\u2019Associaci\u00f3 d\u2019Escriptors en Llengua Catalana, per al millor\nllibre de poesia publicat el 2019 i el considerava: \u201cUna proposta formal i\narriscada, innovadora, que deriva en una visi\u00f3 est\u00e8tica que porta m\u00e9s enll\u00e0 el\nllenguatge i dona un nou tractament del cos, la corporalitat i el pensament\nd\u2019una manera trencadora.\u201d<\/p>\n\n\n\n<p>Amb tots vosaltres, amadors de la poesia, la m\u00fasica verbal d\u2019Anna Gas! <\/p>\n\n\n\n<p>Biel Mesquida. Director del XXI Festival de Poesia de la Mediterr\u00e0nia.<\/p>\n\n\n\n<iframe loading=\"lazy\" src=\"https:\/\/player.vimeo.com\/video\/402974767\" allow=\"autoplay; fullscreen\" allowfullscreen=\"\" width=\"640\" height=\"360\" frameborder=\"0\"><\/iframe>\n\t\t","protected":false},"excerpt":{"rendered":"<p>\t\t\t\tLa conversa amb un amic poeta, la curiositat, primer, i despr\u00e9s el gust de la lectura dels seus poemes de Crossa d\u2019aigua i de Llengua d\u2019\u00e0ntrax varen fer que convid\u00e0s l\u2019Anna a participar al XXI Festival de Poesia de la Mediterr\u00e0nia. Descobria en els seus versos una veu tendrella, provocadora, hiperest\u00e8sica, plena de replecs i de savieses noves de trinca que desprenien els perfums cl\u00e0ssics de l\u2019amor i de la revolta. La jovenesa generosa d\u2019una dona que inventava m\u00fasiques pampalluguejadores que no havia sentit mai.\t\t<\/p>\n","protected":false},"author":1,"featured_media":674,"comment_status":"closed","ping_status":"closed","sticky":false,"template":"","format":"standard","meta":{"footnotes":""},"categories":[3],"tags":[10,22,51],"class_list":["post-671","post","type-post","status-publish","format-standard","has-post-thumbnail","hentry","category-festival-de-poesia-de-la-mediterrania","tag-anna-gas-serra","tag-biel-mesquida","tag-festival-de-poesia-de-la-mediterrania"],"yoast_head":"<!-- This site is optimized with the Yoast SEO plugin v26.1.1 - https:\/\/yoast.com\/wordpress\/plugins\/seo\/ -->\n<title>- magn\u00e9tika visuals<\/title>\n<meta name=\"description\" content=\"visual art, mappings\/micromappings, dinamic mapping projections,permanent installations, sound design, documentaries\" \/>\n<meta name=\"robots\" content=\"index, follow, max-snippet:-1, max-image-preview:large, max-video-preview:-1\" \/>\n<link rel=\"canonical\" href=\"https:\/\/www.magnetika.es\/blog\/anna-gas-fites-del-xxi-festival-de-poesia-de-la-mediterrania\/\" \/>\n<meta property=\"og:locale\" content=\"es_ES\" \/>\n<meta property=\"og:type\" content=\"article\" \/>\n<meta property=\"og:title\" content=\"- magn\u00e9tika visuals\" \/>\n<meta property=\"og:description\" content=\"visual art, mappings\/micromappings, dinamic mapping projections,permanent installations, sound design, documentaries\" \/>\n<meta property=\"og:url\" content=\"https:\/\/www.magnetika.es\/blog\/anna-gas-fites-del-xxi-festival-de-poesia-de-la-mediterrania\/\" \/>\n<meta property=\"og:site_name\" content=\"magn\u00e9tika visuals\" \/>\n<meta property=\"article:publisher\" content=\"https:\/\/www.facebook.com\/damagnetika\/\" \/>\n<meta property=\"article:published_time\" content=\"2020-05-10T09:15:35+00:00\" \/>\n<meta property=\"article:modified_time\" content=\"2021-09-20T14:44:33+00:00\" \/>\n<meta property=\"og:image\" content=\"https:\/\/www.magnetika.es\/blog\/wp-content\/uploads\/2020\/05\/ANNA_GAS-portada-magnetika_es.png\" \/>\n\t<meta property=\"og:image:width\" content=\"230\" \/>\n\t<meta property=\"og:image:height\" content=\"330\" \/>\n\t<meta property=\"og:image:type\" content=\"image\/png\" \/>\n<meta name=\"author\" content=\"NWP-21admin\" \/>\n<meta name=\"twitter:card\" content=\"summary_large_image\" \/>\n<script type=\"application\/ld+json\" class=\"yoast-schema-graph\">{\"@context\":\"https:\/\/schema.org\",\"@graph\":[{\"@type\":\"Article\",\"@id\":\"https:\/\/www.magnetika.es\/blog\/anna-gas-fites-del-xxi-festival-de-poesia-de-la-mediterrania\/#article\",\"isPartOf\":{\"@id\":\"https:\/\/www.magnetika.es\/blog\/anna-gas-fites-del-xxi-festival-de-poesia-de-la-mediterrania\/\"},\"author\":{\"name\":\"NWP-21admin\",\"@id\":\"https:\/\/www.magnetika.es\/blog\/#\/schema\/person\/99dc68657bc6ea5306a0130b4ae0b74e\"},\"headline\":\"\ufeffAnna Gas &#8211; Fites del XXI Festival de Poesia de la Mediterr\u00e0nia\",\"datePublished\":\"2020-05-10T09:15:35+00:00\",\"dateModified\":\"2021-09-20T14:44:33+00:00\",\"mainEntityOfPage\":{\"@id\":\"https:\/\/www.magnetika.es\/blog\/anna-gas-fites-del-xxi-festival-de-poesia-de-la-mediterrania\/\"},\"wordCount\":563,\"publisher\":{\"@id\":\"https:\/\/www.magnetika.es\/blog\/#organization\"},\"image\":{\"@id\":\"https:\/\/www.magnetika.es\/blog\/anna-gas-fites-del-xxi-festival-de-poesia-de-la-mediterrania\/#primaryimage\"},\"thumbnailUrl\":\"https:\/\/www.magnetika.es\/blog\/wp-content\/uploads\/2020\/05\/ANNA_GAS-portada-magnetika_es.png\",\"keywords\":[\"Anna Gas Serra\",\"Biel Mesquida\",\"Festival de Poesia de la Mediterr\u00e0nia\"],\"articleSection\":[\"Poesia de la Mediterr\u00e0nia\"],\"inLanguage\":\"es\"},{\"@type\":[\"WebPage\",\"ItemPage\"],\"@id\":\"https:\/\/www.magnetika.es\/blog\/anna-gas-fites-del-xxi-festival-de-poesia-de-la-mediterrania\/\",\"url\":\"https:\/\/www.magnetika.es\/blog\/anna-gas-fites-del-xxi-festival-de-poesia-de-la-mediterrania\/\",\"name\":\"- magn\u00e9tika visuals\",\"isPartOf\":{\"@id\":\"https:\/\/www.magnetika.es\/blog\/#website\"},\"primaryImageOfPage\":{\"@id\":\"https:\/\/www.magnetika.es\/blog\/anna-gas-fites-del-xxi-festival-de-poesia-de-la-mediterrania\/#primaryimage\"},\"image\":{\"@id\":\"https:\/\/www.magnetika.es\/blog\/anna-gas-fites-del-xxi-festival-de-poesia-de-la-mediterrania\/#primaryimage\"},\"thumbnailUrl\":\"https:\/\/www.magnetika.es\/blog\/wp-content\/uploads\/2020\/05\/ANNA_GAS-portada-magnetika_es.png\",\"datePublished\":\"2020-05-10T09:15:35+00:00\",\"dateModified\":\"2021-09-20T14:44:33+00:00\",\"description\":\"visual art, mappings\/micromappings, dinamic mapping projections,permanent installations, sound design, documentaries\",\"breadcrumb\":{\"@id\":\"https:\/\/www.magnetika.es\/blog\/anna-gas-fites-del-xxi-festival-de-poesia-de-la-mediterrania\/#breadcrumb\"},\"inLanguage\":\"es\",\"potentialAction\":[{\"@type\":\"ReadAction\",\"target\":[\"https:\/\/www.magnetika.es\/blog\/anna-gas-fites-del-xxi-festival-de-poesia-de-la-mediterrania\/\"]}]},{\"@type\":\"ImageObject\",\"inLanguage\":\"es\",\"@id\":\"https:\/\/www.magnetika.es\/blog\/anna-gas-fites-del-xxi-festival-de-poesia-de-la-mediterrania\/#primaryimage\",\"url\":\"https:\/\/www.magnetika.es\/blog\/wp-content\/uploads\/2020\/05\/ANNA_GAS-portada-magnetika_es.png\",\"contentUrl\":\"https:\/\/www.magnetika.es\/blog\/wp-content\/uploads\/2020\/05\/ANNA_GAS-portada-magnetika_es.png\",\"width\":230,\"height\":330,\"caption\":\"\"},{\"@type\":\"BreadcrumbList\",\"@id\":\"https:\/\/www.magnetika.es\/blog\/anna-gas-fites-del-xxi-festival-de-poesia-de-la-mediterrania\/#breadcrumb\",\"itemListElement\":[{\"@type\":\"ListItem\",\"position\":1,\"name\":\"magn\u00e9tika visulas\",\"item\":\"https:\/\/www.magnetika.es\/blog\/\"},{\"@type\":\"ListItem\",\"position\":2,\"name\":\"\ufeffAnna Gas &#8211; Fites del XXI Festival de Poesia de la Mediterr\u00e0nia\"}]},{\"@type\":\"WebSite\",\"@id\":\"https:\/\/www.magnetika.es\/blog\/#website\",\"url\":\"https:\/\/www.magnetika.es\/blog\/\",\"name\":\"magn\u00e9tika visuals\",\"description\":\"video mapping, micromappings, visual works, visual art, dinamic mapping proyections\",\"publisher\":{\"@id\":\"https:\/\/www.magnetika.es\/blog\/#organization\"},\"potentialAction\":[{\"@type\":\"SearchAction\",\"target\":{\"@type\":\"EntryPoint\",\"urlTemplate\":\"https:\/\/www.magnetika.es\/blog\/?s={search_term_string}\"},\"query-input\":{\"@type\":\"PropertyValueSpecification\",\"valueRequired\":true,\"valueName\":\"search_term_string\"}}],\"inLanguage\":\"es\"},{\"@type\":\"Organization\",\"@id\":\"https:\/\/www.magnetika.es\/blog\/#organization\",\"name\":\"magnetika visuals\",\"url\":\"https:\/\/www.magnetika.es\/blog\/\",\"logo\":{\"@type\":\"ImageObject\",\"inLanguage\":\"es\",\"@id\":\"https:\/\/www.magnetika.es\/blog\/#\/schema\/logo\/image\/\",\"url\":\"https:\/\/www.magnetika.es\/blog\/wp-content\/uploads\/2021\/09\/LOGO-magnetika-RGB-600-border.jpg\",\"contentUrl\":\"https:\/\/www.magnetika.es\/blog\/wp-content\/uploads\/2021\/09\/LOGO-magnetika-RGB-600-border.jpg\",\"width\":600,\"height\":151,\"caption\":\"magnetika visuals\"},\"image\":{\"@id\":\"https:\/\/www.magnetika.es\/blog\/#\/schema\/logo\/image\/\"},\"sameAs\":[\"https:\/\/www.facebook.com\/damagnetika\/\",\"https:\/\/www.instagram.com\/magnetika_visuals\/\"]},{\"@type\":\"Person\",\"@id\":\"https:\/\/www.magnetika.es\/blog\/#\/schema\/person\/99dc68657bc6ea5306a0130b4ae0b74e\",\"name\":\"NWP-21admin\",\"image\":{\"@type\":\"ImageObject\",\"inLanguage\":\"es\",\"@id\":\"https:\/\/www.magnetika.es\/blog\/#\/schema\/person\/image\/\",\"url\":\"https:\/\/secure.gravatar.com\/avatar\/9ac02f33d1f1c4bc9b262be13460df26e28ad7146e1853541c4dbef651ddd6c9?s=96&d=mm&r=g\",\"contentUrl\":\"https:\/\/secure.gravatar.com\/avatar\/9ac02f33d1f1c4bc9b262be13460df26e28ad7146e1853541c4dbef651ddd6c9?s=96&d=mm&r=g\",\"caption\":\"NWP-21admin\"},\"sameAs\":[\"https:\/\/comp15plus.cyberneticos.com\/~magnetik\/blog\"]}]}<\/script>\n<!-- \/ Yoast SEO plugin. -->","yoast_head_json":{"title":"- magn\u00e9tika visuals","description":"visual art, mappings\/micromappings, dinamic mapping projections,permanent installations, sound design, documentaries","robots":{"index":"index","follow":"follow","max-snippet":"max-snippet:-1","max-image-preview":"max-image-preview:large","max-video-preview":"max-video-preview:-1"},"canonical":"https:\/\/www.magnetika.es\/blog\/anna-gas-fites-del-xxi-festival-de-poesia-de-la-mediterrania\/","og_locale":"es_ES","og_type":"article","og_title":"- magn\u00e9tika visuals","og_description":"visual art, mappings\/micromappings, dinamic mapping projections,permanent installations, sound design, documentaries","og_url":"https:\/\/www.magnetika.es\/blog\/anna-gas-fites-del-xxi-festival-de-poesia-de-la-mediterrania\/","og_site_name":"magn\u00e9tika visuals","article_publisher":"https:\/\/www.facebook.com\/damagnetika\/","article_published_time":"2020-05-10T09:15:35+00:00","article_modified_time":"2021-09-20T14:44:33+00:00","og_image":[{"width":230,"height":330,"url":"https:\/\/www.magnetika.es\/blog\/wp-content\/uploads\/2020\/05\/ANNA_GAS-portada-magnetika_es.png","type":"image\/png"}],"author":"NWP-21admin","twitter_card":"summary_large_image","schema":{"@context":"https:\/\/schema.org","@graph":[{"@type":"Article","@id":"https:\/\/www.magnetika.es\/blog\/anna-gas-fites-del-xxi-festival-de-poesia-de-la-mediterrania\/#article","isPartOf":{"@id":"https:\/\/www.magnetika.es\/blog\/anna-gas-fites-del-xxi-festival-de-poesia-de-la-mediterrania\/"},"author":{"name":"NWP-21admin","@id":"https:\/\/www.magnetika.es\/blog\/#\/schema\/person\/99dc68657bc6ea5306a0130b4ae0b74e"},"headline":"\ufeffAnna Gas &#8211; Fites del XXI Festival de Poesia de la Mediterr\u00e0nia","datePublished":"2020-05-10T09:15:35+00:00","dateModified":"2021-09-20T14:44:33+00:00","mainEntityOfPage":{"@id":"https:\/\/www.magnetika.es\/blog\/anna-gas-fites-del-xxi-festival-de-poesia-de-la-mediterrania\/"},"wordCount":563,"publisher":{"@id":"https:\/\/www.magnetika.es\/blog\/#organization"},"image":{"@id":"https:\/\/www.magnetika.es\/blog\/anna-gas-fites-del-xxi-festival-de-poesia-de-la-mediterrania\/#primaryimage"},"thumbnailUrl":"https:\/\/www.magnetika.es\/blog\/wp-content\/uploads\/2020\/05\/ANNA_GAS-portada-magnetika_es.png","keywords":["Anna Gas Serra","Biel Mesquida","Festival de Poesia de la Mediterr\u00e0nia"],"articleSection":["Poesia de la Mediterr\u00e0nia"],"inLanguage":"es"},{"@type":["WebPage","ItemPage"],"@id":"https:\/\/www.magnetika.es\/blog\/anna-gas-fites-del-xxi-festival-de-poesia-de-la-mediterrania\/","url":"https:\/\/www.magnetika.es\/blog\/anna-gas-fites-del-xxi-festival-de-poesia-de-la-mediterrania\/","name":"- magn\u00e9tika visuals","isPartOf":{"@id":"https:\/\/www.magnetika.es\/blog\/#website"},"primaryImageOfPage":{"@id":"https:\/\/www.magnetika.es\/blog\/anna-gas-fites-del-xxi-festival-de-poesia-de-la-mediterrania\/#primaryimage"},"image":{"@id":"https:\/\/www.magnetika.es\/blog\/anna-gas-fites-del-xxi-festival-de-poesia-de-la-mediterrania\/#primaryimage"},"thumbnailUrl":"https:\/\/www.magnetika.es\/blog\/wp-content\/uploads\/2020\/05\/ANNA_GAS-portada-magnetika_es.png","datePublished":"2020-05-10T09:15:35+00:00","dateModified":"2021-09-20T14:44:33+00:00","description":"visual art, mappings\/micromappings, dinamic mapping projections,permanent installations, sound design, documentaries","breadcrumb":{"@id":"https:\/\/www.magnetika.es\/blog\/anna-gas-fites-del-xxi-festival-de-poesia-de-la-mediterrania\/#breadcrumb"},"inLanguage":"es","potentialAction":[{"@type":"ReadAction","target":["https:\/\/www.magnetika.es\/blog\/anna-gas-fites-del-xxi-festival-de-poesia-de-la-mediterrania\/"]}]},{"@type":"ImageObject","inLanguage":"es","@id":"https:\/\/www.magnetika.es\/blog\/anna-gas-fites-del-xxi-festival-de-poesia-de-la-mediterrania\/#primaryimage","url":"https:\/\/www.magnetika.es\/blog\/wp-content\/uploads\/2020\/05\/ANNA_GAS-portada-magnetika_es.png","contentUrl":"https:\/\/www.magnetika.es\/blog\/wp-content\/uploads\/2020\/05\/ANNA_GAS-portada-magnetika_es.png","width":230,"height":330,"caption":""},{"@type":"BreadcrumbList","@id":"https:\/\/www.magnetika.es\/blog\/anna-gas-fites-del-xxi-festival-de-poesia-de-la-mediterrania\/#breadcrumb","itemListElement":[{"@type":"ListItem","position":1,"name":"magn\u00e9tika visulas","item":"https:\/\/www.magnetika.es\/blog\/"},{"@type":"ListItem","position":2,"name":"\ufeffAnna Gas &#8211; Fites del XXI Festival de Poesia de la Mediterr\u00e0nia"}]},{"@type":"WebSite","@id":"https:\/\/www.magnetika.es\/blog\/#website","url":"https:\/\/www.magnetika.es\/blog\/","name":"magn\u00e9tika visuals","description":"video mapping, micromappings, visual works, visual art, dinamic mapping proyections","publisher":{"@id":"https:\/\/www.magnetika.es\/blog\/#organization"},"potentialAction":[{"@type":"SearchAction","target":{"@type":"EntryPoint","urlTemplate":"https:\/\/www.magnetika.es\/blog\/?s={search_term_string}"},"query-input":{"@type":"PropertyValueSpecification","valueRequired":true,"valueName":"search_term_string"}}],"inLanguage":"es"},{"@type":"Organization","@id":"https:\/\/www.magnetika.es\/blog\/#organization","name":"magnetika visuals","url":"https:\/\/www.magnetika.es\/blog\/","logo":{"@type":"ImageObject","inLanguage":"es","@id":"https:\/\/www.magnetika.es\/blog\/#\/schema\/logo\/image\/","url":"https:\/\/www.magnetika.es\/blog\/wp-content\/uploads\/2021\/09\/LOGO-magnetika-RGB-600-border.jpg","contentUrl":"https:\/\/www.magnetika.es\/blog\/wp-content\/uploads\/2021\/09\/LOGO-magnetika-RGB-600-border.jpg","width":600,"height":151,"caption":"magnetika visuals"},"image":{"@id":"https:\/\/www.magnetika.es\/blog\/#\/schema\/logo\/image\/"},"sameAs":["https:\/\/www.facebook.com\/damagnetika\/","https:\/\/www.instagram.com\/magnetika_visuals\/"]},{"@type":"Person","@id":"https:\/\/www.magnetika.es\/blog\/#\/schema\/person\/99dc68657bc6ea5306a0130b4ae0b74e","name":"NWP-21admin","image":{"@type":"ImageObject","inLanguage":"es","@id":"https:\/\/www.magnetika.es\/blog\/#\/schema\/person\/image\/","url":"https:\/\/secure.gravatar.com\/avatar\/9ac02f33d1f1c4bc9b262be13460df26e28ad7146e1853541c4dbef651ddd6c9?s=96&d=mm&r=g","contentUrl":"https:\/\/secure.gravatar.com\/avatar\/9ac02f33d1f1c4bc9b262be13460df26e28ad7146e1853541c4dbef651ddd6c9?s=96&d=mm&r=g","caption":"NWP-21admin"},"sameAs":["https:\/\/comp15plus.cyberneticos.com\/~magnetik\/blog"]}]}},"_links":{"self":[{"href":"https:\/\/www.magnetika.es\/blog\/wp-json\/wp\/v2\/posts\/671","targetHints":{"allow":["GET"]}}],"collection":[{"href":"https:\/\/www.magnetika.es\/blog\/wp-json\/wp\/v2\/posts"}],"about":[{"href":"https:\/\/www.magnetika.es\/blog\/wp-json\/wp\/v2\/types\/post"}],"author":[{"embeddable":true,"href":"https:\/\/www.magnetika.es\/blog\/wp-json\/wp\/v2\/users\/1"}],"replies":[{"embeddable":true,"href":"https:\/\/www.magnetika.es\/blog\/wp-json\/wp\/v2\/comments?post=671"}],"version-history":[{"count":1,"href":"https:\/\/www.magnetika.es\/blog\/wp-json\/wp\/v2\/posts\/671\/revisions"}],"predecessor-version":[{"id":989,"href":"https:\/\/www.magnetika.es\/blog\/wp-json\/wp\/v2\/posts\/671\/revisions\/989"}],"wp:featuredmedia":[{"embeddable":true,"href":"https:\/\/www.magnetika.es\/blog\/wp-json\/wp\/v2\/media\/674"}],"wp:attachment":[{"href":"https:\/\/www.magnetika.es\/blog\/wp-json\/wp\/v2\/media?parent=671"}],"wp:term":[{"taxonomy":"category","embeddable":true,"href":"https:\/\/www.magnetika.es\/blog\/wp-json\/wp\/v2\/categories?post=671"},{"taxonomy":"post_tag","embeddable":true,"href":"https:\/\/www.magnetika.es\/blog\/wp-json\/wp\/v2\/tags?post=671"}],"curies":[{"name":"wp","href":"https:\/\/api.w.org\/{rel}","templated":true}]}}