{"id":640,"date":"2020-04-14T13:54:31","date_gmt":"2020-04-14T13:54:31","guid":{"rendered":"http:\/\/www.magnetika.es\/blog\/?p=640"},"modified":"2021-09-20T14:44:33","modified_gmt":"2021-09-20T14:44:33","slug":"ajornat-el-festival-de-poesia-de-la-mediterrania-xxii","status":"publish","type":"post","link":"https:\/\/www.magnetika.es\/blog\/ajornat-el-festival-de-poesia-de-la-mediterrania-xxii\/","title":{"rendered":"El Petit de Cal Eril &#8211; Fites del XXI Festival de Poesia de la Mediterr\u00e0nia"},"content":{"rendered":"\n<p>En aquesta primera pe\u00e7a de videoart oferim un fragment del concert d\u2019El Petit de Cal Eril, \u00e0lies de Joan Pons Villar\u00f3, que es va fer a la Sala Petita del Teatre Principal el XX de maig de 2019.<\/p>\n\n\n\n<p><strong> El Petit de Cal Eril <\/strong>\u00e9s un m\u00fasic catal\u00e0 del Principat, originari de la Segarra, que ha creat, amb una banda magn\u00edfica, un pop metaf\u00edsic entre el folk-rock i la psicod\u00e8lia. <\/p>\n\n\n\n<p> Despr\u00e9s de cinc discos singulars i excel\u00b7lents \u2014<em>Per qu\u00e8 es grillen les patates<\/em> (2007), <em>I les sargantanes al sol<\/em> (2009), <em>Vol i dol<\/em> (2010), <em>La figura del buit <\/em>(2013) i <em>La for\u00e7a<\/em> (2016)\u2014 va treure <em>Triangular<\/em> (2018), que consta de tres discs. Aquest \u00e9s el bess\u00f3 del concert, on tot gira al voltant del n\u00famero tres, amb tres can\u00e7ons als tres discos, que no tenen un ordre lineal i gravades en tres estudis diferents en tres \u00e8poques de l\u2019any, que fou un gran \u00e8xit. <\/p>\n\n\n\n<p>En el seu format de banda sembla que jugui, que fer m\u00fasica sigui per a ell com la continuaci\u00f3 d\u2019una forma alegre i desimbolta de viure, que manifesta amb un somriure gaireb\u00e9 permanent. Les seves lletres no acaben de ser mai expl\u00edcites, i la seva sonoritat t\u00e9 un punt aparentment ingenu i, fins i tot, na\u00eff, que embolica en ambients equidistants al pop i al folk i que posen la pell de gallina amb una creactivitat fant\u00e0stica. M\u00fasica po\u00e8tica i il\u00b7luminadora.<\/p>\n\n\n\n<p>Aquest va ser un dels primers concerts de la gira <em>Energia fosca<\/em> d\u2019El Petit de Cal Eril, amb tota la for\u00e7a de l\u2019espontane\u00eftat, el fulgor improvisatiu i la frescor creativa que aix\u00f2 comporta. En aquests temps dif\u00edcils per a la cultura, volem aconsellar que els escoltadors que vulguin adquirir directament m\u00fasiques d\u2019El Petit de Cal Eril ho facin a aquest enlla\u00e7 <a rel=\"noreferrer noopener\" href=\"https:\/\/colmado-eril.myshopify.com\/\" target=\"_blank\">https:\/\/colmado-eril.myshopify.com\/<\/a><\/p>\n\n\n\n<p><a href=\"https:\/\/www.magnetika.es\/es\/galerias\/documentales\/festival-de-poesia-de-la-mediterrania-xxi\" target=\"_blank\" rel=\"noreferrer noopener\">XXI Festival de Poesia de la Mediterr\u00e0nia<\/a><\/p>\n\n\n\n<figure><iframe loading=\"lazy\" src=\"https:\/\/player.vimeo.com\/video\/402604676\" allowfullscreen=\"\" width=\"640\" height=\"360\"><\/iframe><\/figure>\n","protected":false},"excerpt":{"rendered":"<p>En aquesta primera pe\u00e7a de videoart oferim un fragment del concert d\u2019El Petit de Cal Eril, \u00e0lies de Joan Pons Villar\u00f3, que es va fer a la Sala Petita del Teatre Principal el XX de maig de 2019. El Petit de Cal Eril \u00e9s un m\u00fasic catal\u00e0 del Principat, originari de la Segarra, que ha [&hellip;]<\/p>\n","protected":false},"author":1,"featured_media":857,"comment_status":"closed","ping_status":"closed","sticky":false,"template":"","format":"standard","meta":{"footnotes":""},"categories":[3],"tags":[22,51,111],"class_list":["post-640","post","type-post","status-publish","format-standard","has-post-thumbnail","hentry","category-festival-de-poesia-de-la-mediterrania","tag-biel-mesquida","tag-festival-de-poesia-de-la-mediterrania","tag-petit-de-cal-eril"],"yoast_head":"<!-- This site is optimized with the Yoast SEO plugin v26.1.1 - https:\/\/yoast.com\/wordpress\/plugins\/seo\/ -->\n<title>- magn\u00e9tika visuals<\/title>\n<meta name=\"description\" content=\"visual art, mappings\/micromappings, dinamic mapping projections,permanent installations, sound design, documentaries\" \/>\n<meta name=\"robots\" content=\"index, follow, max-snippet:-1, max-image-preview:large, max-video-preview:-1\" \/>\n<link rel=\"canonical\" href=\"https:\/\/www.magnetika.es\/blog\/ajornat-el-festival-de-poesia-de-la-mediterrania-xxii\/\" \/>\n<meta property=\"og:locale\" content=\"es_ES\" \/>\n<meta property=\"og:type\" content=\"article\" \/>\n<meta property=\"og:title\" content=\"- magn\u00e9tika visuals\" \/>\n<meta property=\"og:description\" content=\"visual art, mappings\/micromappings, dinamic mapping projections,permanent installations, sound design, documentaries\" \/>\n<meta property=\"og:url\" content=\"https:\/\/www.magnetika.es\/blog\/ajornat-el-festival-de-poesia-de-la-mediterrania-xxii\/\" \/>\n<meta property=\"og:site_name\" content=\"magn\u00e9tika visuals\" \/>\n<meta property=\"article:publisher\" content=\"https:\/\/www.facebook.com\/damagnetika\/\" \/>\n<meta property=\"article:published_time\" content=\"2020-04-14T13:54:31+00:00\" \/>\n<meta property=\"article:modified_time\" content=\"2021-09-20T14:44:33+00:00\" \/>\n<meta property=\"og:image\" content=\"https:\/\/www.magnetika.es\/blog\/wp-content\/uploads\/2021\/05\/Petit-de-cal-Eril-post-blog.jpg\" \/>\n\t<meta property=\"og:image:width\" content=\"230\" \/>\n\t<meta property=\"og:image:height\" content=\"330\" \/>\n\t<meta property=\"og:image:type\" content=\"image\/jpeg\" \/>\n<meta name=\"author\" content=\"NWP-21admin\" \/>\n<meta name=\"twitter:card\" content=\"summary_large_image\" \/>\n<script type=\"application\/ld+json\" class=\"yoast-schema-graph\">{\"@context\":\"https:\/\/schema.org\",\"@graph\":[{\"@type\":\"Article\",\"@id\":\"https:\/\/www.magnetika.es\/blog\/ajornat-el-festival-de-poesia-de-la-mediterrania-xxii\/#article\",\"isPartOf\":{\"@id\":\"https:\/\/www.magnetika.es\/blog\/ajornat-el-festival-de-poesia-de-la-mediterrania-xxii\/\"},\"author\":{\"name\":\"NWP-21admin\",\"@id\":\"https:\/\/www.magnetika.es\/blog\/#\/schema\/person\/99dc68657bc6ea5306a0130b4ae0b74e\"},\"headline\":\"El Petit de Cal Eril &#8211; Fites del XXI Festival de Poesia de la Mediterr\u00e0nia\",\"datePublished\":\"2020-04-14T13:54:31+00:00\",\"dateModified\":\"2021-09-20T14:44:33+00:00\",\"mainEntityOfPage\":{\"@id\":\"https:\/\/www.magnetika.es\/blog\/ajornat-el-festival-de-poesia-de-la-mediterrania-xxii\/\"},\"wordCount\":343,\"publisher\":{\"@id\":\"https:\/\/www.magnetika.es\/blog\/#organization\"},\"image\":{\"@id\":\"https:\/\/www.magnetika.es\/blog\/ajornat-el-festival-de-poesia-de-la-mediterrania-xxii\/#primaryimage\"},\"thumbnailUrl\":\"https:\/\/www.magnetika.es\/blog\/wp-content\/uploads\/2021\/05\/Petit-de-cal-Eril-post-blog.jpg\",\"keywords\":[\"Biel Mesquida\",\"Festival de Poesia de la Mediterr\u00e0nia\",\"Petit de Cal Eril\"],\"articleSection\":[\"Poesia de la Mediterr\u00e0nia\"],\"inLanguage\":\"es\"},{\"@type\":[\"WebPage\",\"ItemPage\"],\"@id\":\"https:\/\/www.magnetika.es\/blog\/ajornat-el-festival-de-poesia-de-la-mediterrania-xxii\/\",\"url\":\"https:\/\/www.magnetika.es\/blog\/ajornat-el-festival-de-poesia-de-la-mediterrania-xxii\/\",\"name\":\"- magn\u00e9tika visuals\",\"isPartOf\":{\"@id\":\"https:\/\/www.magnetika.es\/blog\/#website\"},\"primaryImageOfPage\":{\"@id\":\"https:\/\/www.magnetika.es\/blog\/ajornat-el-festival-de-poesia-de-la-mediterrania-xxii\/#primaryimage\"},\"image\":{\"@id\":\"https:\/\/www.magnetika.es\/blog\/ajornat-el-festival-de-poesia-de-la-mediterrania-xxii\/#primaryimage\"},\"thumbnailUrl\":\"https:\/\/www.magnetika.es\/blog\/wp-content\/uploads\/2021\/05\/Petit-de-cal-Eril-post-blog.jpg\",\"datePublished\":\"2020-04-14T13:54:31+00:00\",\"dateModified\":\"2021-09-20T14:44:33+00:00\",\"description\":\"visual art, mappings\/micromappings, dinamic mapping projections,permanent installations, sound design, documentaries\",\"breadcrumb\":{\"@id\":\"https:\/\/www.magnetika.es\/blog\/ajornat-el-festival-de-poesia-de-la-mediterrania-xxii\/#breadcrumb\"},\"inLanguage\":\"es\",\"potentialAction\":[{\"@type\":\"ReadAction\",\"target\":[\"https:\/\/www.magnetika.es\/blog\/ajornat-el-festival-de-poesia-de-la-mediterrania-xxii\/\"]}]},{\"@type\":\"ImageObject\",\"inLanguage\":\"es\",\"@id\":\"https:\/\/www.magnetika.es\/blog\/ajornat-el-festival-de-poesia-de-la-mediterrania-xxii\/#primaryimage\",\"url\":\"https:\/\/www.magnetika.es\/blog\/wp-content\/uploads\/2021\/05\/Petit-de-cal-Eril-post-blog.jpg\",\"contentUrl\":\"https:\/\/www.magnetika.es\/blog\/wp-content\/uploads\/2021\/05\/Petit-de-cal-Eril-post-blog.jpg\",\"width\":230,\"height\":330,\"caption\":\"\"},{\"@type\":\"BreadcrumbList\",\"@id\":\"https:\/\/www.magnetika.es\/blog\/ajornat-el-festival-de-poesia-de-la-mediterrania-xxii\/#breadcrumb\",\"itemListElement\":[{\"@type\":\"ListItem\",\"position\":1,\"name\":\"magn\u00e9tika visulas\",\"item\":\"https:\/\/www.magnetika.es\/blog\/\"},{\"@type\":\"ListItem\",\"position\":2,\"name\":\"El Petit de Cal Eril &#8211; Fites del XXI Festival de Poesia de la Mediterr\u00e0nia\"}]},{\"@type\":\"WebSite\",\"@id\":\"https:\/\/www.magnetika.es\/blog\/#website\",\"url\":\"https:\/\/www.magnetika.es\/blog\/\",\"name\":\"magn\u00e9tika visuals\",\"description\":\"video mapping, micromappings, visual works, visual art, dinamic mapping proyections\",\"publisher\":{\"@id\":\"https:\/\/www.magnetika.es\/blog\/#organization\"},\"potentialAction\":[{\"@type\":\"SearchAction\",\"target\":{\"@type\":\"EntryPoint\",\"urlTemplate\":\"https:\/\/www.magnetika.es\/blog\/?s={search_term_string}\"},\"query-input\":{\"@type\":\"PropertyValueSpecification\",\"valueRequired\":true,\"valueName\":\"search_term_string\"}}],\"inLanguage\":\"es\"},{\"@type\":\"Organization\",\"@id\":\"https:\/\/www.magnetika.es\/blog\/#organization\",\"name\":\"magnetika visuals\",\"url\":\"https:\/\/www.magnetika.es\/blog\/\",\"logo\":{\"@type\":\"ImageObject\",\"inLanguage\":\"es\",\"@id\":\"https:\/\/www.magnetika.es\/blog\/#\/schema\/logo\/image\/\",\"url\":\"https:\/\/www.magnetika.es\/blog\/wp-content\/uploads\/2021\/09\/LOGO-magnetika-RGB-600-border.jpg\",\"contentUrl\":\"https:\/\/www.magnetika.es\/blog\/wp-content\/uploads\/2021\/09\/LOGO-magnetika-RGB-600-border.jpg\",\"width\":600,\"height\":151,\"caption\":\"magnetika visuals\"},\"image\":{\"@id\":\"https:\/\/www.magnetika.es\/blog\/#\/schema\/logo\/image\/\"},\"sameAs\":[\"https:\/\/www.facebook.com\/damagnetika\/\",\"https:\/\/www.instagram.com\/magnetika_visuals\/\"]},{\"@type\":\"Person\",\"@id\":\"https:\/\/www.magnetika.es\/blog\/#\/schema\/person\/99dc68657bc6ea5306a0130b4ae0b74e\",\"name\":\"NWP-21admin\",\"image\":{\"@type\":\"ImageObject\",\"inLanguage\":\"es\",\"@id\":\"https:\/\/www.magnetika.es\/blog\/#\/schema\/person\/image\/\",\"url\":\"https:\/\/secure.gravatar.com\/avatar\/9ac02f33d1f1c4bc9b262be13460df26e28ad7146e1853541c4dbef651ddd6c9?s=96&d=mm&r=g\",\"contentUrl\":\"https:\/\/secure.gravatar.com\/avatar\/9ac02f33d1f1c4bc9b262be13460df26e28ad7146e1853541c4dbef651ddd6c9?s=96&d=mm&r=g\",\"caption\":\"NWP-21admin\"},\"sameAs\":[\"https:\/\/comp15plus.cyberneticos.com\/~magnetik\/blog\"]}]}<\/script>\n<!-- \/ Yoast SEO plugin. -->","yoast_head_json":{"title":"- magn\u00e9tika visuals","description":"visual art, mappings\/micromappings, dinamic mapping projections,permanent installations, sound design, documentaries","robots":{"index":"index","follow":"follow","max-snippet":"max-snippet:-1","max-image-preview":"max-image-preview:large","max-video-preview":"max-video-preview:-1"},"canonical":"https:\/\/www.magnetika.es\/blog\/ajornat-el-festival-de-poesia-de-la-mediterrania-xxii\/","og_locale":"es_ES","og_type":"article","og_title":"- magn\u00e9tika visuals","og_description":"visual art, mappings\/micromappings, dinamic mapping projections,permanent installations, sound design, documentaries","og_url":"https:\/\/www.magnetika.es\/blog\/ajornat-el-festival-de-poesia-de-la-mediterrania-xxii\/","og_site_name":"magn\u00e9tika visuals","article_publisher":"https:\/\/www.facebook.com\/damagnetika\/","article_published_time":"2020-04-14T13:54:31+00:00","article_modified_time":"2021-09-20T14:44:33+00:00","og_image":[{"width":230,"height":330,"url":"https:\/\/www.magnetika.es\/blog\/wp-content\/uploads\/2021\/05\/Petit-de-cal-Eril-post-blog.jpg","type":"image\/jpeg"}],"author":"NWP-21admin","twitter_card":"summary_large_image","schema":{"@context":"https:\/\/schema.org","@graph":[{"@type":"Article","@id":"https:\/\/www.magnetika.es\/blog\/ajornat-el-festival-de-poesia-de-la-mediterrania-xxii\/#article","isPartOf":{"@id":"https:\/\/www.magnetika.es\/blog\/ajornat-el-festival-de-poesia-de-la-mediterrania-xxii\/"},"author":{"name":"NWP-21admin","@id":"https:\/\/www.magnetika.es\/blog\/#\/schema\/person\/99dc68657bc6ea5306a0130b4ae0b74e"},"headline":"El Petit de Cal Eril &#8211; Fites del XXI Festival de Poesia de la Mediterr\u00e0nia","datePublished":"2020-04-14T13:54:31+00:00","dateModified":"2021-09-20T14:44:33+00:00","mainEntityOfPage":{"@id":"https:\/\/www.magnetika.es\/blog\/ajornat-el-festival-de-poesia-de-la-mediterrania-xxii\/"},"wordCount":343,"publisher":{"@id":"https:\/\/www.magnetika.es\/blog\/#organization"},"image":{"@id":"https:\/\/www.magnetika.es\/blog\/ajornat-el-festival-de-poesia-de-la-mediterrania-xxii\/#primaryimage"},"thumbnailUrl":"https:\/\/www.magnetika.es\/blog\/wp-content\/uploads\/2021\/05\/Petit-de-cal-Eril-post-blog.jpg","keywords":["Biel Mesquida","Festival de Poesia de la Mediterr\u00e0nia","Petit de Cal Eril"],"articleSection":["Poesia de la Mediterr\u00e0nia"],"inLanguage":"es"},{"@type":["WebPage","ItemPage"],"@id":"https:\/\/www.magnetika.es\/blog\/ajornat-el-festival-de-poesia-de-la-mediterrania-xxii\/","url":"https:\/\/www.magnetika.es\/blog\/ajornat-el-festival-de-poesia-de-la-mediterrania-xxii\/","name":"- magn\u00e9tika visuals","isPartOf":{"@id":"https:\/\/www.magnetika.es\/blog\/#website"},"primaryImageOfPage":{"@id":"https:\/\/www.magnetika.es\/blog\/ajornat-el-festival-de-poesia-de-la-mediterrania-xxii\/#primaryimage"},"image":{"@id":"https:\/\/www.magnetika.es\/blog\/ajornat-el-festival-de-poesia-de-la-mediterrania-xxii\/#primaryimage"},"thumbnailUrl":"https:\/\/www.magnetika.es\/blog\/wp-content\/uploads\/2021\/05\/Petit-de-cal-Eril-post-blog.jpg","datePublished":"2020-04-14T13:54:31+00:00","dateModified":"2021-09-20T14:44:33+00:00","description":"visual art, mappings\/micromappings, dinamic mapping projections,permanent installations, sound design, documentaries","breadcrumb":{"@id":"https:\/\/www.magnetika.es\/blog\/ajornat-el-festival-de-poesia-de-la-mediterrania-xxii\/#breadcrumb"},"inLanguage":"es","potentialAction":[{"@type":"ReadAction","target":["https:\/\/www.magnetika.es\/blog\/ajornat-el-festival-de-poesia-de-la-mediterrania-xxii\/"]}]},{"@type":"ImageObject","inLanguage":"es","@id":"https:\/\/www.magnetika.es\/blog\/ajornat-el-festival-de-poesia-de-la-mediterrania-xxii\/#primaryimage","url":"https:\/\/www.magnetika.es\/blog\/wp-content\/uploads\/2021\/05\/Petit-de-cal-Eril-post-blog.jpg","contentUrl":"https:\/\/www.magnetika.es\/blog\/wp-content\/uploads\/2021\/05\/Petit-de-cal-Eril-post-blog.jpg","width":230,"height":330,"caption":""},{"@type":"BreadcrumbList","@id":"https:\/\/www.magnetika.es\/blog\/ajornat-el-festival-de-poesia-de-la-mediterrania-xxii\/#breadcrumb","itemListElement":[{"@type":"ListItem","position":1,"name":"magn\u00e9tika visulas","item":"https:\/\/www.magnetika.es\/blog\/"},{"@type":"ListItem","position":2,"name":"El Petit de Cal Eril &#8211; Fites del XXI Festival de Poesia de la Mediterr\u00e0nia"}]},{"@type":"WebSite","@id":"https:\/\/www.magnetika.es\/blog\/#website","url":"https:\/\/www.magnetika.es\/blog\/","name":"magn\u00e9tika visuals","description":"video mapping, micromappings, visual works, visual art, dinamic mapping proyections","publisher":{"@id":"https:\/\/www.magnetika.es\/blog\/#organization"},"potentialAction":[{"@type":"SearchAction","target":{"@type":"EntryPoint","urlTemplate":"https:\/\/www.magnetika.es\/blog\/?s={search_term_string}"},"query-input":{"@type":"PropertyValueSpecification","valueRequired":true,"valueName":"search_term_string"}}],"inLanguage":"es"},{"@type":"Organization","@id":"https:\/\/www.magnetika.es\/blog\/#organization","name":"magnetika visuals","url":"https:\/\/www.magnetika.es\/blog\/","logo":{"@type":"ImageObject","inLanguage":"es","@id":"https:\/\/www.magnetika.es\/blog\/#\/schema\/logo\/image\/","url":"https:\/\/www.magnetika.es\/blog\/wp-content\/uploads\/2021\/09\/LOGO-magnetika-RGB-600-border.jpg","contentUrl":"https:\/\/www.magnetika.es\/blog\/wp-content\/uploads\/2021\/09\/LOGO-magnetika-RGB-600-border.jpg","width":600,"height":151,"caption":"magnetika visuals"},"image":{"@id":"https:\/\/www.magnetika.es\/blog\/#\/schema\/logo\/image\/"},"sameAs":["https:\/\/www.facebook.com\/damagnetika\/","https:\/\/www.instagram.com\/magnetika_visuals\/"]},{"@type":"Person","@id":"https:\/\/www.magnetika.es\/blog\/#\/schema\/person\/99dc68657bc6ea5306a0130b4ae0b74e","name":"NWP-21admin","image":{"@type":"ImageObject","inLanguage":"es","@id":"https:\/\/www.magnetika.es\/blog\/#\/schema\/person\/image\/","url":"https:\/\/secure.gravatar.com\/avatar\/9ac02f33d1f1c4bc9b262be13460df26e28ad7146e1853541c4dbef651ddd6c9?s=96&d=mm&r=g","contentUrl":"https:\/\/secure.gravatar.com\/avatar\/9ac02f33d1f1c4bc9b262be13460df26e28ad7146e1853541c4dbef651ddd6c9?s=96&d=mm&r=g","caption":"NWP-21admin"},"sameAs":["https:\/\/comp15plus.cyberneticos.com\/~magnetik\/blog"]}]}},"_links":{"self":[{"href":"https:\/\/www.magnetika.es\/blog\/wp-json\/wp\/v2\/posts\/640","targetHints":{"allow":["GET"]}}],"collection":[{"href":"https:\/\/www.magnetika.es\/blog\/wp-json\/wp\/v2\/posts"}],"about":[{"href":"https:\/\/www.magnetika.es\/blog\/wp-json\/wp\/v2\/types\/post"}],"author":[{"embeddable":true,"href":"https:\/\/www.magnetika.es\/blog\/wp-json\/wp\/v2\/users\/1"}],"replies":[{"embeddable":true,"href":"https:\/\/www.magnetika.es\/blog\/wp-json\/wp\/v2\/comments?post=640"}],"version-history":[{"count":1,"href":"https:\/\/www.magnetika.es\/blog\/wp-json\/wp\/v2\/posts\/640\/revisions"}],"predecessor-version":[{"id":931,"href":"https:\/\/www.magnetika.es\/blog\/wp-json\/wp\/v2\/posts\/640\/revisions\/931"}],"wp:featuredmedia":[{"embeddable":true,"href":"https:\/\/www.magnetika.es\/blog\/wp-json\/wp\/v2\/media\/857"}],"wp:attachment":[{"href":"https:\/\/www.magnetika.es\/blog\/wp-json\/wp\/v2\/media?parent=640"}],"wp:term":[{"taxonomy":"category","embeddable":true,"href":"https:\/\/www.magnetika.es\/blog\/wp-json\/wp\/v2\/categories?post=640"},{"taxonomy":"post_tag","embeddable":true,"href":"https:\/\/www.magnetika.es\/blog\/wp-json\/wp\/v2\/tags?post=640"}],"curies":[{"name":"wp","href":"https:\/\/api.w.org\/{rel}","templated":true}]}}